{"id":19747,"date":"2025-03-28T23:12:08","date_gmt":"2025-03-28T23:12:08","guid":{"rendered":"https:\/\/ikimisli.tr\/?p=19747"},"modified":"2025-03-28T23:12:08","modified_gmt":"2025-03-28T23:12:08","slug":"talibanin-bir-sonraki-hedefi-kazan-ekonomik-forumu","status":"publish","type":"post","link":"https:\/\/ikimisli.tr\/index.php\/2025\/03\/28\/talibanin-bir-sonraki-hedefi-kazan-ekonomik-forumu\/","title":{"rendered":"Taliban&#8217;\u0131n bir sonraki hedefi: Kazan Ekonomik Forumu"},"content":{"rendered":"<p>Taliban temsilciler, 15-16 May\u0131s tarihlerinde Kazan\u2019da d\u00fczenlenecek olan BRICS dayanakl\u0131 Kazan Ekonomik Forumuna kat\u0131lmak istediklerini s\u00f6yledi.<\/p>\n<p>Taliban&#8217;\u0131n kurdu\u011fu Afganistan h\u00fck\u00fcmeti, aktifli\u011fe \u00fcst seviyede i\u015ftirak sa\u011flamay\u0131 planl\u0131yor.<\/p>\n<p>Afganistan S\u00fcreksiz Sanayi ve Ticaret Bakan\u0131 Nuriddin Azizi, Tataristan Lideri Rustam Minnihanov\u2019a g\u00f6nderdi\u011fi mektupta, \u201c\u00d6nde gelen i\u015f insanlar\u0131m\u0131z\u0131n eserlerini en \u00e2l\u00e2 halde tan\u0131tmak i\u00e7in \u00e2l\u00e2 bir pozisyonda bir stant d\u00fczenlemek istiyoruz\u201d dedi.<\/p>\n<p><b>SERG\u0130 TALEP ETT\u0130<\/b><\/p>\n<p>Taliban, \u201cRusya ve \u0130slam d\u00fcnyas\u0131 \u00fclkeleri aras\u0131ndaki ekonomik i\u015f birli\u011fi i\u00e7in ana platform\u201d olarak isimlendirdi\u011fi forumun daima ortaklar\u0131 olma iste\u011fini da lisana getirdi.<\/p>\n<p>Rusya&#8217;n\u0131n Afganistan&#8217;daki \u0130\u015f Merkezi Ba\u015fkan\u0131 Rustam Khabibullin, 60\u2019tan fazla Afgan giri\u015fimcinin kurutulmu\u015f meyveler, f\u0131nd\u0131k, tak\u0131, dokuma, kozmetik, pakl\u0131k eserleri ve besin eserleri \u00fczere mallar\u0131n\u0131 sergilemek istedi\u011fini belirtti.<\/p>\n<p>Ayr\u0131ca Taliban, forumda Rusya ile Afganistan \u00fczerinden 50 milyon metrek\u00fcp s\u0131v\u0131la\u015ft\u0131r\u0131lm\u0131\u015f do\u011fal gaz\u0131n (LNG) ge\u00e7i\u015fi konusunda bir mutabakat imzalamak istediklerini a\u00e7\u0131klad\u0131.<\/p>\n<p><b>RUSYA&#8217;NIN KAPALI \u0130L\u0130\u015eK\u0130S\u0130<\/b><\/p>\n<p>Taliban daha evvel de Kazan&#8217;daki \u00e7e\u015fitli forumlara kat\u0131lm\u0131\u015ft\u0131. Birinci olarak 2023 y\u0131l\u0131nda Tataristan\u2019\u0131n ba\u015f\u015fehrinde d\u00fczenlenen KazanForum\u2019a bir heyet g\u00f6ndermi\u015fti.<\/p>\n<p>Ancak Rus yetkililer, bu ziyareti sakl\u0131 tutmaya \u00e7al\u0131\u015fm\u0131\u015ft\u0131. Organizasyonu d\u00fczenleyen Yat\u0131r\u0131m Geli\u015ftirme Ajans\u0131 yorum yapmay\u0131 reddetmi\u015f, programda Afganistan\u2019dan gelen konuklar yer almam\u0131\u015ft\u0131. S\u0131rf TASS, \u0130ngilizce sitesinde bu ziyaretten bahsetmi\u015fti.<\/p>\n<p>Daha sonra Taliban, iki kere daha Kazan\u2019a gelerek e\u011fitim alan\u0131ndaki ilerlemelerini payla\u015fm\u0131\u015ft\u0131. 2024 sonbahar\u0131nda kentte d\u00fczenlenen BRICS doru\u011funa kat\u0131lmak istemi\u015fler lakin mektuplar\u0131na cevap alamam\u0131\u015flard\u0131.<\/p>\n<p>2021&#8217;de ABD askerlerinin \u00fclkeden ans\u0131z\u0131n ayr\u0131lmas\u0131yla idaresi ele ge\u00e7iren Taliban, insan ve bayan haklar\u0131n\u0131n kar\u015f\u0131s\u0131nda duran maddeleri sebebiyle hi\u00e7bir d\u00fcnya \u00fclkesi taraf\u0131ndan resmen tan\u0131nm\u0131yor. Lakin Rusya ve \u00c7in, gayri resmi olarak Taliban&#8217;la ba\u011flar\u0131n\u0131 s\u00fcrd\u00fcr\u00fcyor.<\/p>\n","protected":false},"excerpt":{"rendered":"<p>Taliban, May\u0131s ay\u0131nda d\u00fczenlenecek Kazan Ekonomik Forumu&#8217;na kat\u0131lmak ve eserlerini sergilemek istediklerini duyurdu. BRICS \u00fcyeleri dahil hi\u00e7bir \u00fclke taraf\u0131ndan tan\u0131nmayan Taliban Afganistan&#8217;\u0131, d\u00fcnya sahnesinde yer almak i\u00e7in elinden geleni yap\u0131yor.<\/p>\n","protected":false},"author":1,"featured_media":19748,"comment_status":"open","ping_status":"open","sticky":false,"template":"","format":"standard","meta":{"footnotes":""},"categories":[43],"tags":[3834,3097,566,3061],"class_list":["post-19747","post","type-post","status-publish","format-standard","has-post-thumbnail","hentry","category-dunya","tag-afganistan","tag-kazan","tag-rusya","tag-taliban"],"_links":{"self":[{"href":"https:\/\/ikimisli.tr\/index.php\/wp-json\/wp\/v2\/posts\/19747","targetHints":{"allow":["GET"]}}],"collection":[{"href":"https:\/\/ikimisli.tr\/index.php\/wp-json\/wp\/v2\/posts"}],"about":[{"href":"https:\/\/ikimisli.tr\/index.php\/wp-json\/wp\/v2\/types\/post"}],"author":[{"embeddable":true,"href":"https:\/\/ikimisli.tr\/index.php\/wp-json\/wp\/v2\/users\/1"}],"replies":[{"embeddable":true,"href":"https:\/\/ikimisli.tr\/index.php\/wp-json\/wp\/v2\/comments?post=19747"}],"version-history":[{"count":1,"href":"https:\/\/ikimisli.tr\/index.php\/wp-json\/wp\/v2\/posts\/19747\/revisions"}],"predecessor-version":[{"id":19749,"href":"https:\/\/ikimisli.tr\/index.php\/wp-json\/wp\/v2\/posts\/19747\/revisions\/19749"}],"wp:featuredmedia":[{"embeddable":true,"href":"https:\/\/ikimisli.tr\/index.php\/wp-json\/wp\/v2\/media\/19748"}],"wp:attachment":[{"href":"https:\/\/ikimisli.tr\/index.php\/wp-json\/wp\/v2\/media?parent=19747"}],"wp:term":[{"taxonomy":"category","embeddable":true,"href":"https:\/\/ikimisli.tr\/index.php\/wp-json\/wp\/v2\/categories?post=19747"},{"taxonomy":"post_tag","embeddable":true,"href":"https:\/\/ikimisli.tr\/index.php\/wp-json\/wp\/v2\/tags?post=19747"}],"curies":[{"name":"wp","href":"https:\/\/api.w.org\/{rel}","templated":true}]}}