{"id":19765,"date":"2025-03-29T00:12:07","date_gmt":"2025-03-29T00:12:07","guid":{"rendered":"https:\/\/ikimisli.tr\/?p=19765"},"modified":"2025-03-29T00:12:07","modified_gmt":"2025-03-29T00:12:07","slug":"cem-aydina-81-il-baskanindan-destek","status":"publish","type":"post","link":"https:\/\/ikimisli.tr\/index.php\/2025\/03\/29\/cem-aydina-81-il-baskanindan-destek\/","title":{"rendered":"Cem Ayd\u0131n&#8217;a 81 il ba\u015fkan\u0131ndan destek"},"content":{"rendered":"<p>Parti genel merkezinde, Vilayet Gen\u00e7lik Kollar\u0131 Liderleri ismine konu\u015fan CHP Ankara \u0130l Gen\u00e7lik Kollar\u0131 Ba\u015fkan\u0131 Mehmet Okan T\u00fcrkmen, bask\u0131ya kar\u015f\u0131 geri ad\u0131m atmayacaklar\u0131n\u0131 ve \u00e7abada kararl\u0131 olduklar\u0131n\u0131 s\u00f6yledi.<\/p>\n<p>T\u00fcrkmen, iktidar\u0131n, iktisatla ve gen\u00e7lerle ilgili siyasetlerini ele\u015ftirerek, \u00fclkenin \u00fcmitsizlik sarmal\u0131ndan \u00e7\u0131kar\u0131lmas\u0131, karanl\u0131k g\u00fcnlerin geride b\u0131rak\u0131lmas\u0131 ve T\u00fcrkiye&#8217;nin hak etti\u011fi yere ta\u015f\u0131nmas\u0131 i\u00e7in CHP olarak bir y\u00fcr\u00fcy\u00fc\u015f ba\u015flatt\u0131klar\u0131n\u0131 s\u00f6z etti.<\/p>\n<p><b>&#8216;B\u0130R K\u0130\u015e\u0130Y\u0130 B\u0130LE YALNIZ BIRAKMAYACA\u011eIZ&#8217;<\/b><\/p>\n<p>CHP Gen\u00e7lik Kollar\u0131n\u0131n bu y\u00fcr\u00fcy\u00fc\u015f\u00fcn en dinamik g\u00fcc\u00fc ve \u00f6nc\u00fcs\u00fc olacak bi\u00e7imde alanda \u00e7al\u0131\u015ft\u0131\u011f\u0131n\u0131 belirten T\u00fcrkmen, \u015funlar\u0131 kaydetti:<\/p>\n<p>&#8220;Gen\u00e7lik Kollar\u0131 Genel Liderimiz Say\u0131n Cem Ayd\u0131n&#8217;\u0131 haftada 3 g\u00fcn imza atmaya \u00e7a\u011f\u0131rarak y\u0131ld\u0131rmak, bizleri sindirmek istiyorlar. Gen\u00e7ler, konu\u015fmas\u0131n, siyaset yapmas\u0131n istiyorlar. CHP gen\u00e7li\u011fi, ge\u00e7mi\u015fte oldu\u011fu \u00fczere bug\u00fcn de direni\u015fin simgesi olacak ve size boyun e\u011fmeyecektir. En b\u00fcy\u00fck g\u00fcvencemiz halkt\u0131r. Erken se\u00e7imi gen\u00e7ler getirecektir. Bir ki\u015fi bile eksilmeyecek, bir ki\u015fiyi bile yaln\u0131z b\u0131rakmayaca\u011f\u0131z. Genel Liderimiz Cem Ayd\u0131n&#8217;\u0131n ebediyen yan\u0131nday\u0131z.&#8221;<\/p>\n","protected":false},"excerpt":{"rendered":"<p>CHP&#8217;nin 81 vilayetteki gen\u00e7lik kollar\u0131 liderleri, toplumsal medya hesab\u0131ndan yapt\u0131\u011f\u0131 payla\u015f\u0131ma ait soru\u015fturmada g\u00f6zalt\u0131na al\u0131nan ve sonras\u0131nda isimli denetim kural\u0131yla h\u00fcr b\u0131rak\u0131lan Gen\u00e7lik Kollar\u0131 Genel Ba\u015fkan\u0131 Cem Ayd\u0131n&#8217;a destek a\u00e7\u0131klamas\u0131 yapt\u0131.<\/p>\n","protected":false},"author":1,"featured_media":19766,"comment_status":"open","ping_status":"open","sticky":false,"template":"","format":"standard","meta":{"footnotes":""},"categories":[25],"tags":[],"class_list":["post-19765","post","type-post","status-publish","format-standard","has-post-thumbnail","hentry","category-gundem"],"_links":{"self":[{"href":"https:\/\/ikimisli.tr\/index.php\/wp-json\/wp\/v2\/posts\/19765","targetHints":{"allow":["GET"]}}],"collection":[{"href":"https:\/\/ikimisli.tr\/index.php\/wp-json\/wp\/v2\/posts"}],"about":[{"href":"https:\/\/ikimisli.tr\/index.php\/wp-json\/wp\/v2\/types\/post"}],"author":[{"embeddable":true,"href":"https:\/\/ikimisli.tr\/index.php\/wp-json\/wp\/v2\/users\/1"}],"replies":[{"embeddable":true,"href":"https:\/\/ikimisli.tr\/index.php\/wp-json\/wp\/v2\/comments?post=19765"}],"version-history":[{"count":1,"href":"https:\/\/ikimisli.tr\/index.php\/wp-json\/wp\/v2\/posts\/19765\/revisions"}],"predecessor-version":[{"id":19767,"href":"https:\/\/ikimisli.tr\/index.php\/wp-json\/wp\/v2\/posts\/19765\/revisions\/19767"}],"wp:featuredmedia":[{"embeddable":true,"href":"https:\/\/ikimisli.tr\/index.php\/wp-json\/wp\/v2\/media\/19766"}],"wp:attachment":[{"href":"https:\/\/ikimisli.tr\/index.php\/wp-json\/wp\/v2\/media?parent=19765"}],"wp:term":[{"taxonomy":"category","embeddable":true,"href":"https:\/\/ikimisli.tr\/index.php\/wp-json\/wp\/v2\/categories?post=19765"},{"taxonomy":"post_tag","embeddable":true,"href":"https:\/\/ikimisli.tr\/index.php\/wp-json\/wp\/v2\/tags?post=19765"}],"curies":[{"name":"wp","href":"https:\/\/api.w.org\/{rel}","templated":true}]}}