{"id":19840,"date":"2025-03-29T04:36:05","date_gmt":"2025-03-29T04:36:05","guid":{"rendered":"https:\/\/ikimisli.tr\/?p=19840"},"modified":"2025-03-29T04:36:05","modified_gmt":"2025-03-29T04:36:05","slug":"rubio-taliban-liderlerinin-basina-odul-konulabilecegini-soyledi","status":"publish","type":"post","link":"https:\/\/ikimisli.tr\/index.php\/2025\/03\/29\/rubio-taliban-liderlerinin-basina-odul-konulabilecegini-soyledi\/","title":{"rendered":"Rubio, Taliban liderlerinin ba\u015f\u0131na \u00f6d\u00fcl konulabilece\u011fini s\u00f6yledi"},"content":{"rendered":"<div>\n<div>\n<div>\n<div>\n<p>Sosyal medya platformu X \u00fczerinden yapt\u0131\u011f\u0131 a\u00e7\u0131klamada ABD D\u0131\u015fi\u015fleri Bakan\u0131 Marco Rubio, &#8220;Afganistan&#8217;da, daha evvel bildirilenden daha \u00e7ok ABD&#8217;li tutuklu bulundu\u011funu duyduk&#8221; tabirini kullanarak, bu hususta ad\u0131m at\u0131lmas\u0131 gerekebilece\u011fini belirtti.<\/p>\n<p>Rubio, &#8220;E\u011fer bu do\u011fruysa, \u00fcst seviye \u00f6nderlerin ba\u015f\u0131na, Usame Bin Ladin i\u00e7in belirlenenden bile daha fazla para m\u00fckafat\u0131 koymak zorunda kalaca\u011f\u0131z&#8221; dedi. Bu, ABD&#8217;nin Afganistan&#8217;dan \u00e7ekilmesinden beri Taliban&#8217;a kar\u015f\u0131 birinci resmi yapt\u0131r\u0131m tehdidi\u00a0oldu.<\/p>\n<p>Ge\u00e7ti\u011fimiz haftalarda Afganistan ile ABD ortas\u0131nda bir mahkum takas\u0131 ger\u00e7ekle\u015ftirilmi\u015fti. Afganistan s\u00fcreksiz h\u00fck\u00fcmetinin a\u00e7\u0131klamas\u0131na nazaran, \u00fclkede tutuklu bulunan ABD vatanda\u015flar\u0131 kar\u015f\u0131l\u0131\u011f\u0131nda, ABD\u2019de tutuklu olan Han Muhammed isimli bir Afgan vatanda\u015f\u0131 h\u00fcr b\u0131rak\u0131ld\u0131. Muhammed\u2019in, yakla\u015f\u0131k 20 y\u0131l evvel Nangerhar vilayetinde tutukland\u0131\u011f\u0131 belirtilmi\u015fti.<\/p>\n<p>Katar D\u0131\u015fi\u015fleri Bakanl\u0131\u011f\u0131 da s\u00fcrece arac\u0131l\u0131k etti\u011fini duyurdu. Katar D\u0131\u015fi\u015flerinden Sorumlu Devlet Bakan\u0131 Muhammed bin Abdulaziz el-Huleyfi, &#8220;Katar&#8217;\u0131n te\u015febb\u00fcs\u00fc sonucunda Afganistan\u2019da tutuklu olan iki Amerikan vatanda\u015f\u0131 h\u00fcr b\u0131rak\u0131ld\u0131. Kar\u015f\u0131l\u0131\u011f\u0131nda ise ABD\u2019de tutuklu bulunan bir Afgan vatanda\u015f\u0131 \u00f6zg\u00fcr b\u0131rak\u0131ld\u0131&#8221; a\u00e7\u0131klamas\u0131n\u0131 yapt\u0131. Lakin \u00f6zg\u00fcr b\u0131rak\u0131lan ABD vatanda\u015flar\u0131na ait ayr\u0131nt\u0131 verilmedi.<\/p>\n<\/p><\/div>\n<\/p><\/div>\n<\/p><\/div>\n<\/p><\/div>\n","protected":false},"excerpt":{"rendered":"<p>ABD D\u0131\u015fi\u015fleri Bakan\u0131 Marco Rubio, Afganistan&#8217;da bildirilenden daha fazla ABD vatanda\u015f\u0131n\u0131n tutuklu oldu\u011funa dair duyumlar ald\u0131klar\u0131n\u0131 belirtti. Rubio, &#8220;Bu do\u011fruysa, \u00fcst seviye \u00f6nderlerin ba\u015f\u0131na Usame Bin Ladin i\u00e7in belirlenenden bile fazla para m\u00fckafat\u0131 koymak zorunda kalaca\u011f\u0131z&#8221; diyerek, Taliban idaresine y\u00f6nelik yapt\u0131r\u0131m tehdidinde bulundu.<\/p>\n","protected":false},"author":1,"featured_media":19841,"comment_status":"open","ping_status":"open","sticky":false,"template":"","format":"standard","meta":{"footnotes":""},"categories":[43],"tags":[82,3834,2904],"class_list":["post-19840","post","type-post","status-publish","format-standard","has-post-thumbnail","hentry","category-dunya","tag-abd","tag-afganistan","tag-tutuklu"],"_links":{"self":[{"href":"https:\/\/ikimisli.tr\/index.php\/wp-json\/wp\/v2\/posts\/19840","targetHints":{"allow":["GET"]}}],"collection":[{"href":"https:\/\/ikimisli.tr\/index.php\/wp-json\/wp\/v2\/posts"}],"about":[{"href":"https:\/\/ikimisli.tr\/index.php\/wp-json\/wp\/v2\/types\/post"}],"author":[{"embeddable":true,"href":"https:\/\/ikimisli.tr\/index.php\/wp-json\/wp\/v2\/users\/1"}],"replies":[{"embeddable":true,"href":"https:\/\/ikimisli.tr\/index.php\/wp-json\/wp\/v2\/comments?post=19840"}],"version-history":[{"count":1,"href":"https:\/\/ikimisli.tr\/index.php\/wp-json\/wp\/v2\/posts\/19840\/revisions"}],"predecessor-version":[{"id":19842,"href":"https:\/\/ikimisli.tr\/index.php\/wp-json\/wp\/v2\/posts\/19840\/revisions\/19842"}],"wp:featuredmedia":[{"embeddable":true,"href":"https:\/\/ikimisli.tr\/index.php\/wp-json\/wp\/v2\/media\/19841"}],"wp:attachment":[{"href":"https:\/\/ikimisli.tr\/index.php\/wp-json\/wp\/v2\/media?parent=19840"}],"wp:term":[{"taxonomy":"category","embeddable":true,"href":"https:\/\/ikimisli.tr\/index.php\/wp-json\/wp\/v2\/categories?post=19840"},{"taxonomy":"post_tag","embeddable":true,"href":"https:\/\/ikimisli.tr\/index.php\/wp-json\/wp\/v2\/tags?post=19840"}],"curies":[{"name":"wp","href":"https:\/\/api.w.org\/{rel}","templated":true}]}}