{"id":19894,"date":"2025-03-29T07:48:10","date_gmt":"2025-03-29T07:48:10","guid":{"rendered":"https:\/\/ikimisli.tr\/?p=19894"},"modified":"2025-03-29T07:48:10","modified_gmt":"2025-03-29T07:48:10","slug":"muglada-kuyuya-dusen-yavru-kopegi-kurtarmak-icin-seferber-oldular","status":"publish","type":"post","link":"https:\/\/ikimisli.tr\/index.php\/2025\/03\/29\/muglada-kuyuya-dusen-yavru-kopegi-kurtarmak-icin-seferber-oldular\/","title":{"rendered":"Mu\u011fla\u2019da kuyuya d\u00fc\u015fen yavru k\u00f6pe\u011fi kurtarmak i\u00e7in seferber oldular"},"content":{"rendered":"<div>Mu\u011fla\u2019n\u0131n Mente\u015fe il\u00e7esine ba\u011fl\u0131 Do\u011fan Mahallesi\u2019nde 20 metrelik bo\u015f kuyuya d\u00fc\u015fen yavru k\u00f6pe\u011fi fark eden mahalle halk\u0131 k\u00f6pe\u011fi kurtarmak i\u00e7in seferber oldu. Kendi imkanlar\u0131 ile k\u00f6pe\u011fi kuyudan \u00e7\u0131karamayan vatanda\u015flar itfaiyeye haber verdi. Olay yerine gelen itfaiye tak\u0131mlar\u0131 45 dakikal\u0131k bir operasyon ile yavru k\u00f6pe\u011fi kuyudan \u00e7\u0131kartt\u0131.<\/div>\n","protected":false},"excerpt":{"rendered":"<p>Mu\u011fla\u2019n\u0131n Mente\u015fe il\u00e7esinde 20 metrelik kuyuya d\u00fc\u015fen yavru k\u00f6pe\u011fi kurtarmak i\u00e7in mahalle halk\u0131 seferber oldu. \u0130hbar \u00fczerine olay yerine gelen itfaiye tak\u0131mlar\u0131 kuyudan k\u00f6pe\u011fi kurtard\u0131.<\/p>\n","protected":false},"author":1,"featured_media":19895,"comment_status":"open","ping_status":"open","sticky":false,"template":"","format":"standard","meta":{"footnotes":""},"categories":[25],"tags":[],"class_list":["post-19894","post","type-post","status-publish","format-standard","has-post-thumbnail","hentry","category-gundem"],"_links":{"self":[{"href":"https:\/\/ikimisli.tr\/index.php\/wp-json\/wp\/v2\/posts\/19894","targetHints":{"allow":["GET"]}}],"collection":[{"href":"https:\/\/ikimisli.tr\/index.php\/wp-json\/wp\/v2\/posts"}],"about":[{"href":"https:\/\/ikimisli.tr\/index.php\/wp-json\/wp\/v2\/types\/post"}],"author":[{"embeddable":true,"href":"https:\/\/ikimisli.tr\/index.php\/wp-json\/wp\/v2\/users\/1"}],"replies":[{"embeddable":true,"href":"https:\/\/ikimisli.tr\/index.php\/wp-json\/wp\/v2\/comments?post=19894"}],"version-history":[{"count":1,"href":"https:\/\/ikimisli.tr\/index.php\/wp-json\/wp\/v2\/posts\/19894\/revisions"}],"predecessor-version":[{"id":19896,"href":"https:\/\/ikimisli.tr\/index.php\/wp-json\/wp\/v2\/posts\/19894\/revisions\/19896"}],"wp:featuredmedia":[{"embeddable":true,"href":"https:\/\/ikimisli.tr\/index.php\/wp-json\/wp\/v2\/media\/19895"}],"wp:attachment":[{"href":"https:\/\/ikimisli.tr\/index.php\/wp-json\/wp\/v2\/media?parent=19894"}],"wp:term":[{"taxonomy":"category","embeddable":true,"href":"https:\/\/ikimisli.tr\/index.php\/wp-json\/wp\/v2\/categories?post=19894"},{"taxonomy":"post_tag","embeddable":true,"href":"https:\/\/ikimisli.tr\/index.php\/wp-json\/wp\/v2\/tags?post=19894"}],"curies":[{"name":"wp","href":"https:\/\/api.w.org\/{rel}","templated":true}]}}