{"id":19897,"date":"2025-03-29T08:00:14","date_gmt":"2025-03-29T08:00:14","guid":{"rendered":"https:\/\/ikimisli.tr\/?p=19897"},"modified":"2025-03-29T08:00:14","modified_gmt":"2025-03-29T08:00:14","slug":"lubnandan-cekilmeyi-reddeden-israil-evine-donmek-isteyen-15-kisiyi-oldurdu","status":"publish","type":"post","link":"https:\/\/ikimisli.tr\/index.php\/2025\/03\/29\/lubnandan-cekilmeyi-reddeden-israil-evine-donmek-isteyen-15-kisiyi-oldurdu\/","title":{"rendered":"L\u00fcbnan&#8217;dan \u00e7ekilmeyi reddeden \u0130srail, evine d\u00f6nmek isteyen 15 ki\u015fiyi \u00f6ld\u00fcrd\u00fc"},"content":{"rendered":"<p>Ate\u015fkese kar\u015f\u0131n g\u00fcney L\u00fcbnan&#8217;dan \u00e7ekilmeyi reddeden \u0130srail g\u00fc\u00e7leri, Pazar g\u00fcn\u00fc meskenlerine d\u00f6nmek i\u00e7in gelen 15 ki\u015fiyi \u00f6ld\u00fcrd\u00fc. Bu olay, \u0130srail&#8217;in b\u00f6lgeden \u00e7ekilmesi i\u00e7in belirlenen m\u00fcddetin dolmas\u0131n\u0131n akabinde ya\u015fand\u0131.<\/p>\n<p>Binlerce ki\u015fi, \u0130srail ordusunun &#8220;s\u0131n\u0131ra d\u00f6nmeyin&#8221; talimatlar\u0131na kar\u015f\u0131n meskenlerine d\u00f6nmeye \u00e7al\u0131\u015ft\u0131. L\u00fcbnan yetkilileri, bu vefatlar\u0131 \u0130srail&#8217;in h\u00fccumlar\u0131 olarak nitelendirdi.<\/p>\n<p><img decoding=\"async\" src=\"https:\/\/ikimisli.tr\/wp-content\/uploads\/2025\/03\/lubnandan-cekilmeyi-reddeden-israil-evine-donmek-isteyen-15-kisiyi-oldurdu-0-JHpeQM2n.png\"\/><\/p>\n<p><b>15 K\u0130\u015e\u0130 \u00d6LD\u00dcR\u00dcLD\u00dc, 83 K\u0130\u015e\u0130 YARALANDI<\/b><\/p>\n<p>L\u00fcbnan Sa\u011fl\u0131k Bakanl\u0131\u011f\u0131, \u0130srail sald\u0131r\u0131lar\u0131nda 15 ki\u015finin \u00f6ld\u00fc\u011f\u00fcn\u00fc ve 83 ki\u015finin yaraland\u0131\u011f\u0131n\u0131 duyurdu.<\/p>\n<p>Bakanl\u0131k, bu \u015fah\u0131slar\u0131n i\u015fgal alt\u0131ndaki kasabalar\u0131na d\u00f6nmeye \u00e7al\u0131\u015f\u0131rken gaye al\u0131nd\u0131\u011f\u0131n\u0131 s\u00f6z etti. \u0130srail ordusu ise g\u00fcney L\u00fcbnan&#8217;da faaliyet g\u00f6steren askerlerinin, yakla\u015fan \u015f\u00fcphelilere ihtar ate\u015fi a\u00e7t\u0131\u011f\u0131n\u0131 ve kimilerini g\u00f6zalt\u0131na ald\u0131\u011f\u0131n\u0131 a\u00e7\u0131klad\u0131.<\/p>\n<p>Hizbullah&#8217;a ili\u015fkin El-Manar televizyonu, Pazar sabah\u0131 g\u00fcney L\u00fcbnan&#8217;daki k\u00f6ylere y\u00fcr\u00fcyen sivillerin manzaralar\u0131n\u0131 yay\u0131nlad\u0131.<\/p>\n<p>G\u00f6r\u00fcnt\u00fclerde, birtak\u0131m \u015fah\u0131slar\u0131n Hizbullah bayraklar\u0131 ve sava\u015fta hayat\u0131n\u0131 kaybeden militanlar\u0131n foto\u011fraflar\u0131n\u0131 ta\u015f\u0131d\u0131\u011f\u0131 g\u00f6r\u00fcld\u00fc.<\/p>\n<p><img decoding=\"async\" src=\"https:\/\/ikimisli.tr\/wp-content\/uploads\/2025\/03\/lubnandan-cekilmeyi-reddeden-israil-evine-donmek-isteyen-15-kisiyi-oldurdu-1-l6QRXkht.png\"\/><\/p>\n<p><b>\u0130SRA\u0130L \u00c7EK\u0130LM\u0130YOR<\/b><\/p>\n<p>\u0130srail, Cuma g\u00fcn\u00fc yapt\u0131\u011f\u0131 a\u00e7\u0131klamada, ge\u00e7en y\u0131l Hizbullah&#8217;la ya\u015fanan sava\u015f sonras\u0131 ABD arabuluculu\u011funda var\u0131lan ate\u015fkes muahedesinde belirtilen \u00e7ekilme m\u00fcddetinin dolmas\u0131na kar\u015f\u0131n g\u00fcney L\u00fcbnan&#8217;da asker tutaca\u011f\u0131n\u0131 s\u00f6yledi.<\/p>\n<p>\u0130srail, L\u00fcbnan&#8217;\u0131n Hizbullah&#8217;\u0131n silahs\u0131zland\u0131r\u0131lmas\u0131n\u0131 ve L\u00fcbnan ordusunun b\u00f6lgede konu\u015fland\u0131r\u0131lmas\u0131n\u0131 tam olarak yerine getirmedi\u011fini belirtti.<\/p>\n<p>L\u00fcbnan&#8217;\u0131n ABD takviyeli ordusu, Pazar g\u00fcn\u00fc \u0130srail g\u00fc\u00e7leri taraf\u0131ndan \u00f6ld\u00fcr\u00fclenler ortas\u0131nda bir askerinin de bulundu\u011funu bildirdi.<\/p>\n<p>L\u00fcbnan ordusu, \u0130srail&#8217;i \u00e7ekilme konusunda oyalama taktikleri kullanmakla su\u00e7lad\u0131. Hizbullah-\u0130srail \u00e7at\u0131\u015fmas\u0131, Gazze sava\u015f\u0131yla paralel olarak y\u00fcr\u00fct\u00fclm\u00fc\u015f ve \u0130srail&#8217;in b\u00fcy\u00fck bir ata\u011f\u0131yla doru\u011fa ula\u015fm\u0131\u015ft\u0131. Bu ak\u0131nlar s\u0131ras\u0131nda L\u00fcbnan&#8217;da bir milyondan fazla ki\u015fi yerinden edilmi\u015fti.<\/p>\n<p><img decoding=\"async\" src=\"https:\/\/ikimisli.tr\/wp-content\/uploads\/2025\/03\/lubnandan-cekilmeyi-reddeden-israil-evine-donmek-isteyen-15-kisiyi-oldurdu-2-25TtxUIu.png\"\/><\/p>\n<p><b>L\u00dcBNAN&#8217;I SU\u00c7LADI<\/b><\/p>\n<p>\u0130srail ordusu, toplumsal medya platformu X \u00fczerinden yapt\u0131\u011f\u0131 a\u00e7\u0131klamada, Hizbullah\u2019\u0131 durumu t\u0131rmand\u0131rmaya \u00e7al\u0131\u015fmakla su\u00e7lad\u0131 ve yak\u0131nda g\u00fcney L\u00fcbnan halk\u0131n\u0131 inan\u00e7l\u0131 halde d\u00f6nebilecekleri yerlere y\u00f6nlendirece\u011fini duyurdu.<\/p>\n<p>L\u00fcbnan Cumhurba\u015fkan\u0131 Joseph Aoun, halk\u0131 orduya g\u00fcvenmeye ve itidal g\u00f6stermeye \u00e7a\u011f\u0131rd\u0131. &#8220;L\u00fcbnan&#8217;\u0131n egemenli\u011fi ve toprak b\u00fct\u00fcnl\u00fc\u011f\u00fc pazarl\u0131k konusu edilemez. Haklar\u0131n\u0131z\u0131 ve onurunuzu korumak i\u00e7in en \u00fcst seviyede bu mevzuyu takip ediyorum,&#8221; tabirlerini kulland\u0131.<\/p>\n<p>Hizbullah ise \u0130srail\u2019in ABD takviyesiyle ate\u015fkesi ihlal etti\u011fini savundu. Birle\u015fmi\u015f Milletler yetkilileri, b\u00f6lgeye d\u00f6n\u00fc\u015f i\u00e7in gerekli \u015fartlar\u0131n \u015fimdi sa\u011flanmad\u0131\u011f\u0131n\u0131 belirtti.<\/p>\n<p>Ate\u015fkes muahedesinde belirlenen 60 g\u00fcnl\u00fck m\u00fcddet zarf\u0131nda uygulanmas\u0131 gereken ad\u0131mlar\u0131n \u015fimdi tamamlanmad\u0131\u011f\u0131n\u0131 vurgulad\u0131.<\/p>\n","protected":false},"excerpt":{"rendered":"<p>\u0130srail g\u00fc\u00e7lerinin \u00e7ekilme m\u00fcddeti dolmas\u0131na kar\u015f\u0131n g\u00fcney L\u00fcbnan&#8217;da kalmaya devam etmesi ate\u015fkesi tehlikeye at\u0131yor. Pazar g\u00fcn\u00fc meskenlerine d\u00f6nmek isteyen 15 ki\u015fi \u0130srail askerleri taraf\u0131ndan \u00f6ld\u00fcr\u00fcl\u00fcrken, 83 ki\u015fi yaraland\u0131. L\u00fcbnan yetkilileri, ya\u015fananlar\u0131 &#8220;vatanda\u015flara y\u00f6nelik sald\u0131r\u0131&#8221; olarak nitelendirirken, \u0130srail taraf\u0131 ise b\u00f6lgedeki varl\u0131\u011f\u0131n\u0131 &#8220;Hizbullah tehdidini bertaraf etme&#8221; gerek\u00e7esiyle savundu.<\/p>\n","protected":false},"author":1,"featured_media":19898,"comment_status":"open","ping_status":"open","sticky":false,"template":"","format":"standard","meta":{"footnotes":""},"categories":[43],"tags":[3851,2130,80,159,3812],"class_list":["post-19897","post","type-post","status-publish","format-standard","has-post-thumbnail","hentry","category-dunya","tag-guney-lubnan","tag-hizbullah","tag-israil","tag-lubnan","tag-ordusu"],"_links":{"self":[{"href":"https:\/\/ikimisli.tr\/index.php\/wp-json\/wp\/v2\/posts\/19897","targetHints":{"allow":["GET"]}}],"collection":[{"href":"https:\/\/ikimisli.tr\/index.php\/wp-json\/wp\/v2\/posts"}],"about":[{"href":"https:\/\/ikimisli.tr\/index.php\/wp-json\/wp\/v2\/types\/post"}],"author":[{"embeddable":true,"href":"https:\/\/ikimisli.tr\/index.php\/wp-json\/wp\/v2\/users\/1"}],"replies":[{"embeddable":true,"href":"https:\/\/ikimisli.tr\/index.php\/wp-json\/wp\/v2\/comments?post=19897"}],"version-history":[{"count":1,"href":"https:\/\/ikimisli.tr\/index.php\/wp-json\/wp\/v2\/posts\/19897\/revisions"}],"predecessor-version":[{"id":19902,"href":"https:\/\/ikimisli.tr\/index.php\/wp-json\/wp\/v2\/posts\/19897\/revisions\/19902"}],"wp:featuredmedia":[{"embeddable":true,"href":"https:\/\/ikimisli.tr\/index.php\/wp-json\/wp\/v2\/media\/19898"}],"wp:attachment":[{"href":"https:\/\/ikimisli.tr\/index.php\/wp-json\/wp\/v2\/media?parent=19897"}],"wp:term":[{"taxonomy":"category","embeddable":true,"href":"https:\/\/ikimisli.tr\/index.php\/wp-json\/wp\/v2\/categories?post=19897"},{"taxonomy":"post_tag","embeddable":true,"href":"https:\/\/ikimisli.tr\/index.php\/wp-json\/wp\/v2\/tags?post=19897"}],"curies":[{"name":"wp","href":"https:\/\/api.w.org\/{rel}","templated":true}]}}