{"id":19939,"date":"2025-03-29T10:24:08","date_gmt":"2025-03-29T10:24:08","guid":{"rendered":"https:\/\/ikimisli.tr\/?p=19939"},"modified":"2025-03-29T10:24:08","modified_gmt":"2025-03-29T10:24:08","slug":"takim-otobusune-cirkin-saldiri","status":"publish","type":"post","link":"https:\/\/ikimisli.tr\/index.php\/2025\/03\/29\/takim-otobusune-cirkin-saldiri\/","title":{"rendered":"Tak\u0131m otob\u00fcs\u00fcne \u00e7irkin sald\u0131r\u0131"},"content":{"rendered":"<p>TFF 3. Lig 2. K\u00fcme&#8217;de Bal\u0131kesirspor deplasman\u0131ndan d\u00f6nerken, Bal\u0131kesir-Manisa yolu istikametinde U\u015fakspor kadro otob\u00fcs\u00fcne yap\u0131lan ta\u015fl\u0131 ve sopal\u0131 sald\u0131r\u0131 sonras\u0131 U\u015fakspor Ba\u015fkan\u0131 Do\u011fukan Kurnaz, a\u00e7\u0131klamalarda bulundu. Atak sonucunda U\u015fakspor Sportif Y\u00f6neticisi Hasip Hay\u0131rc\u0131&#8217;n\u0131n burnu k\u0131r\u0131ld\u0131.<\/p>\n<p>Ba\u015fkan Do\u011fukan Kurnaz, yapt\u0131\u011f\u0131 a\u00e7\u0131klamada, &#8220;Bal\u0131kesirspor ma\u00e7\u0131 sonras\u0131 U\u015fak&#8217;a d\u00f6nerken futbolcular\u0131m\u0131z\u0131n i\u00e7inde bulundu\u011fu otob\u00fcse yap\u0131lan, spor ve insanl\u0131kla ba\u011fda\u015fmayan naho\u015f ve ahlaks\u0131z sald\u0131r\u0131y\u0131 esefle k\u0131n\u0131yoruz. Bu yap\u0131lan al\u00e7ak\u00e7a taarruz, b\u00fcsb\u00fct\u00fcn insanl\u0131k d\u0131\u015f\u0131 bir davran\u0131\u015ft\u0131r&#8221; dedi.<\/p>\n<p><b>&#8216;KABUL\u00a0ED\u0130LEMEZ&#8217;<\/b><\/p>\n<p>DHA&#8217;ya konu\u015fan Kurnaz, ya\u015fananlar\u0131n kabul edilemez oldu\u011funu belirterek, &#8220;Hi\u00e7birimiz bunu kabul etmiyoruz. Bunu yapanlar\u0131n sporla ve taraftarl\u0131kla ilgisi yoktur. U\u015fakspor toplulu\u011funa ge\u00e7mi\u015f olsun diyor, taarruzda yaralanan Sportif Y\u00f6neticimiz Hasip Hay\u0131rc\u0131&#8217;ya acil \u015fifalar diliyoruz. Bu sald\u0131r\u0131y\u0131 yapanlar\u0131n bir an evvel bulunup adalete teslim edilmesini bekliyoruz. Bu sald\u0131r\u0131y\u0131 yaln\u0131zca kul\u00fcb\u00fcm\u00fcze de\u011fil, T\u00fcrk futboluna yap\u0131lm\u0131\u015f bir ak\u0131n olarak addediyor ve sorumlular\u0131n yakalan\u0131p hak ettikleri cezay\u0131 almalar\u0131 i\u00e7in olay\u0131n takip\u00e7isi olaca\u011f\u0131m\u0131z\u0131 beyan ediyoruz&#8221; dedi.<\/p>\n","protected":false},"excerpt":{"rendered":"<p>U\u015fakspor ekip otob\u00fcs\u00fcne ta\u015fl\u0131 atak ger\u00e7ekle\u015fti. Sportif Y\u00f6neticisi Hasip Hay\u0131rc\u0131&#8217;n\u0131n burnu k\u0131r\u0131ld\u0131.<\/p>\n","protected":false},"author":1,"featured_media":19940,"comment_status":"open","ping_status":"open","sticky":false,"template":"","format":"standard","meta":{"footnotes":""},"categories":[30],"tags":[567],"class_list":["post-19939","post","type-post","status-publish","format-standard","has-post-thumbnail","hentry","category-spor","tag-saldiri"],"_links":{"self":[{"href":"https:\/\/ikimisli.tr\/index.php\/wp-json\/wp\/v2\/posts\/19939","targetHints":{"allow":["GET"]}}],"collection":[{"href":"https:\/\/ikimisli.tr\/index.php\/wp-json\/wp\/v2\/posts"}],"about":[{"href":"https:\/\/ikimisli.tr\/index.php\/wp-json\/wp\/v2\/types\/post"}],"author":[{"embeddable":true,"href":"https:\/\/ikimisli.tr\/index.php\/wp-json\/wp\/v2\/users\/1"}],"replies":[{"embeddable":true,"href":"https:\/\/ikimisli.tr\/index.php\/wp-json\/wp\/v2\/comments?post=19939"}],"version-history":[{"count":1,"href":"https:\/\/ikimisli.tr\/index.php\/wp-json\/wp\/v2\/posts\/19939\/revisions"}],"predecessor-version":[{"id":19941,"href":"https:\/\/ikimisli.tr\/index.php\/wp-json\/wp\/v2\/posts\/19939\/revisions\/19941"}],"wp:featuredmedia":[{"embeddable":true,"href":"https:\/\/ikimisli.tr\/index.php\/wp-json\/wp\/v2\/media\/19940"}],"wp:attachment":[{"href":"https:\/\/ikimisli.tr\/index.php\/wp-json\/wp\/v2\/media?parent=19939"}],"wp:term":[{"taxonomy":"category","embeddable":true,"href":"https:\/\/ikimisli.tr\/index.php\/wp-json\/wp\/v2\/categories?post=19939"},{"taxonomy":"post_tag","embeddable":true,"href":"https:\/\/ikimisli.tr\/index.php\/wp-json\/wp\/v2\/tags?post=19939"}],"curies":[{"name":"wp","href":"https:\/\/api.w.org\/{rel}","templated":true}]}}