{"id":19942,"date":"2025-03-29T10:36:23","date_gmt":"2025-03-29T10:36:23","guid":{"rendered":"https:\/\/ikimisli.tr\/?p=19942"},"modified":"2025-03-29T10:36:23","modified_gmt":"2025-03-29T10:36:23","slug":"otel-calisaninin-anlattiklari-ihmalleri-ortaya-cikardi-yangin-merdivenlerinin-kapisi-tahtaydi","status":"publish","type":"post","link":"https:\/\/ikimisli.tr\/index.php\/2025\/03\/29\/otel-calisaninin-anlattiklari-ihmalleri-ortaya-cikardi-yangin-merdivenlerinin-kapisi-tahtaydi\/","title":{"rendered":"Otel \u00e7al\u0131\u015fan\u0131n\u0131n anlatt\u0131klar\u0131 ihmalleri ortaya \u00e7\u0131kard\u0131: Yang\u0131n merdivenlerinin kap\u0131s\u0131 tahtayd\u0131"},"content":{"rendered":"<p>Bolu Kartalkaya Kayak Merkezi&#8217;nde 78 ki\u015finin \u00f6mr\u00fcn\u00fc yitirdi\u011fi otel yang\u0131n\u0131ndan kurtulan otelin a\u015f\u00e7\u0131s\u0131 Mustafa \u00d6zg\u00fcr, olaydan duydu\u011fu \u00fcz\u00fcnt\u00fcy\u00fc belirterek adeta cehennemi ya\u015fad\u0131klar\u0131n\u0131 s\u00f6yledi.<\/p>\n<p>Yang\u0131ndan sonra ailesinin \u0130zmir&#8217;in Sel\u00e7uk il\u00e7esindeki konutuna d\u00f6nen 26 ya\u015f\u0131ndaki H\u00fcr, yang\u0131n gecesi ya\u015fad\u0131klar\u0131n\u0131 anlatt\u0131.<\/p>\n<p>Grand Kartal Otel&#8217;de 3 y\u0131ld\u0131r k\u0131\u015f d\u00f6neminde a\u015f\u00e7\u0131l\u0131k yapt\u0131\u011f\u0131n\u0131, bu nedenle b\u00f6lgeyi ve oteli uygun bildi\u011fini kaydeden \u00d6zg\u00fcr, yang\u0131n gecesini unutamad\u0131\u011f\u0131n\u0131 lisana getirdi.<\/p>\n<p><img decoding=\"async\" src=\"https:\/\/ikimisli.tr\/wp-content\/uploads\/2025\/03\/otel-calisaninin-anlattiklari-ihmalleri-ortaya-cikardi-yangin-merdivenlerinin-kapisi-tahtaydi-0-QEWbwSlz.jpg\"\/><\/p>\n<p>Serbest, odas\u0131n\u0131n otelin ikinci kat\u0131nda oldu\u011funu aktararak, &#8220;Gece sese uyand\u0131m, arkada\u015f\u0131m\u0131z uyand\u0131rd\u0131, saat yakla\u015f\u0131k 02.45-03.00 \u00fczereydi. &#8216;Yang\u0131n var&#8217; diye ba\u011f\u0131r\u0131\u015flar vard\u0131. \u00c7\u0131kt\u0131\u011f\u0131m\u0131zda her taraf dumand\u0131 esasen. Panikle ne yapaca\u011f\u0131m\u0131z\u0131 \u015fa\u015f\u0131rd\u0131m. O kadar dumanl\u0131yd\u0131 ki nefes alam\u0131yorduk, g\u00f6zlerimiz g\u00f6rm\u00fcyordu. Ben kendim elleyerek \u00e7\u0131kt\u0131m, az \u00e7ok yolu bildi\u011fim i\u00e7in. \u00c7\u0131kt\u0131k garaja ger\u00e7ek. Garaj\u0131n kap\u0131s\u0131 kapal\u0131yd\u0131. Garaj kap\u0131s\u0131n\u0131 kald\u0131rmaya \u00e7al\u0131\u015ft\u0131k 15-20 ki\u015fi. Akabinde d\u0131\u015far\u0131ya att\u0131k kedimizi. O vakte kadar \u00e7ok fazla alev yoktu, dumand\u0131. Ben 03.30&#8217;da \u00e7\u0131kt\u0131m d\u0131\u015far\u0131. Yakla\u015f\u0131k yar\u0131m saat ya da 40 dakika i\u00e7erde cebelle\u015ftik \u00fczere bir \u015fey&#8221; diye konu\u015ftu.<\/p>\n<p>Serbest, d\u0131\u015far\u0131ya \u00e7\u0131kt\u0131\u011f\u0131nda otelin alevler i\u00e7inde oldu\u011funu, insanlar\u0131n odalar\u0131n camlar\u0131ndan yard\u0131m istedi\u011fini g\u00f6rd\u00fc\u011f\u00fcn\u00fc belirtti.<\/p>\n<p><img decoding=\"async\" src=\"https:\/\/ikimisli.tr\/wp-content\/uploads\/2025\/03\/otel-calisaninin-anlattiklari-ihmalleri-ortaya-cikardi-yangin-merdivenlerinin-kapisi-tahtaydi-1-Vi9JVZXZ.jpg\"\/><\/p>\n<p><b>&#8216;BAZILARINI KURTARMA TAL\u0130H\u0130M\u0130Z OLDU&#8217;<\/b><\/p>\n<p>Mustafa \u00d6zg\u00fcr, itfaiyenin yakla\u015f\u0131k bir saat sonra olay yerine geldi\u011fini, oteldekilerin kurtulmak i\u00e7in pencerelerden atlad\u0131\u011f\u0131na \u015fahit oldu\u011funu kaydederek, &#8220;Baz\u0131lar\u0131n\u0131 kurtarma baht\u0131m\u0131z oldu, kimilerini kurtaramad\u0131k. Onlar atlamadan evvel altlar\u0131na yatak at\u0131yorduk. Atlayanlara denk getirmeye \u00e7al\u0131\u015f\u0131yorduk&#8221; dedi.<\/p>\n<p>Otelde yeteri kadar yang\u0131n tedbirinin olmad\u0131\u011f\u0131n\u0131 savunan \u00d6zg\u00fcr, \u015f\u00f6yle devam etti:<\/p>\n<p>&#8220;Otelde yang\u0131n dedekt\u00f6r\u00fc vard\u0131 lakin \u00e7al\u0131\u015fm\u0131yordu. Yang\u0131n t\u00fcp\u00fc g\u00f6rmedim say\u0131l\u0131r. Bir bildi\u011fim kadar\u0131yla a\u015f\u00e7\u0131ba\u015f\u0131n\u0131n ofisinin \u00f6n\u00fcnde vard\u0131. \u00d6teki hi\u00e7 g\u00f6rmedim. Sulama sistemi yoktu otelde. Yang\u0131n merdiveni vard\u0131 fakat asl\u0131nda oray\u0131 i\u015f\u00e7i kullan\u0131yordu. \u0130kaz levhalar\u0131 vard\u0131 ancak \u0131\u015f\u0131kland\u0131rmas\u0131 yetersizdi. Yang\u0131n merdivenlerinin kap\u0131s\u0131 tahtayd\u0131. Kap\u0131lar\u0131n b\u00fcy\u00fck ihtimalle bir tanesi yan\u0131nca duman i\u00e7eri girdi.&#8221;<\/p>\n<p>Serbest, bir daha Kartalkaya&#8217;ya gitmek istemedi\u011fini lisana getirerek, &#8220;Ben \u00f6lmedi\u011fime pi\u015fman\u0131m zira o \u00e7\u0131\u011fl\u0131\u011f\u0131 duysan\u0131z&#8230; Kendi babas\u0131 \u00e7ocu\u011funu at\u0131yor. Siz ya\u015fayabilir misiniz bu t\u00fcrl\u00fc bir \u015feyi? Herkes kendi can\u0131n\u0131 ortaya koydu. Bir umut olarak atlad\u0131 herkes. Can pazar\u0131yd\u0131 oras\u0131. \u00c7\u0131\u011fl\u0131k \u00e7\u0131\u011fl\u0131\u011fayd\u0131 her taraf. Yard\u0131m edemiyorsun, yaln\u0131zca bakabiliyorsun. Edebildi\u011fin kadar ettin lakin daha fazlas\u0131n\u0131 yapam\u0131yorsun. Girip de alamadan \u00e7\u0131kmak da vard\u0131. Her taraf dumand\u0131. Cehennemi ya\u015fad\u0131k&#8221; s\u00f6zlerini kulland\u0131.<\/p>\n","protected":false},"excerpt":{"rendered":"<p>Kartalkaya&#8217;da yang\u0131n facias\u0131n\u0131n ya\u015fand\u0131\u011f\u0131 otelin \u00e7al\u0131\u015fan\u0131n\u0131n anlatt\u0131klar\u0131 ihmalleri bir sefer daha g\u00f6zler \u00f6n\u00fcne serdi. Yang\u0131nda cehennemi ya\u015fad\u0131klar\u0131n\u0131 s\u00f6yleyen \u00e7al\u0131\u015fan, &#8221; Yang\u0131n dedekt\u00f6r\u00fc vard\u0131 ancak \u00e7al\u0131\u015fm\u0131yordu. Sulama sistemi yoktu ve yang\u0131n merdivenlerinin kap\u0131s\u0131 tahtayd\u0131&#8221; dedi.<\/p>\n","protected":false},"author":1,"featured_media":19943,"comment_status":"open","ping_status":"open","sticky":false,"template":"","format":"standard","meta":{"footnotes":""},"categories":[25],"tags":[3256,73,475,1699,64],"class_list":["post-19942","post","type-post","status-publish","format-standard","has-post-thumbnail","hentry","category-gundem","tag-duman","tag-otel","tag-serbest","tag-vardi","tag-yangin"],"_links":{"self":[{"href":"https:\/\/ikimisli.tr\/index.php\/wp-json\/wp\/v2\/posts\/19942","targetHints":{"allow":["GET"]}}],"collection":[{"href":"https:\/\/ikimisli.tr\/index.php\/wp-json\/wp\/v2\/posts"}],"about":[{"href":"https:\/\/ikimisli.tr\/index.php\/wp-json\/wp\/v2\/types\/post"}],"author":[{"embeddable":true,"href":"https:\/\/ikimisli.tr\/index.php\/wp-json\/wp\/v2\/users\/1"}],"replies":[{"embeddable":true,"href":"https:\/\/ikimisli.tr\/index.php\/wp-json\/wp\/v2\/comments?post=19942"}],"version-history":[{"count":1,"href":"https:\/\/ikimisli.tr\/index.php\/wp-json\/wp\/v2\/posts\/19942\/revisions"}],"predecessor-version":[{"id":19946,"href":"https:\/\/ikimisli.tr\/index.php\/wp-json\/wp\/v2\/posts\/19942\/revisions\/19946"}],"wp:featuredmedia":[{"embeddable":true,"href":"https:\/\/ikimisli.tr\/index.php\/wp-json\/wp\/v2\/media\/19943"}],"wp:attachment":[{"href":"https:\/\/ikimisli.tr\/index.php\/wp-json\/wp\/v2\/media?parent=19942"}],"wp:term":[{"taxonomy":"category","embeddable":true,"href":"https:\/\/ikimisli.tr\/index.php\/wp-json\/wp\/v2\/categories?post=19942"},{"taxonomy":"post_tag","embeddable":true,"href":"https:\/\/ikimisli.tr\/index.php\/wp-json\/wp\/v2\/tags?post=19942"}],"curies":[{"name":"wp","href":"https:\/\/api.w.org\/{rel}","templated":true}]}}