{"id":19980,"date":"2025-03-29T12:24:06","date_gmt":"2025-03-29T12:24:06","guid":{"rendered":"https:\/\/ikimisli.tr\/?p=19980"},"modified":"2025-03-29T12:24:06","modified_gmt":"2025-03-29T12:24:06","slug":"hoca-ile-takim-kaptani-fena-kapisti","status":"publish","type":"post","link":"https:\/\/ikimisli.tr\/index.php\/2025\/03\/29\/hoca-ile-takim-kaptani-fena-kapisti\/","title":{"rendered":"Hoca ile tak\u0131m kaptan\u0131 fena kap\u0131\u015ft\u0131!"},"content":{"rendered":"<p>AC Milan\u2019\u0131n Parma kar\u015f\u0131s\u0131nda son dakikalarda ger\u00e7ekle\u015ftirdi\u011fi unutulmaz geri d\u00f6n\u00fc\u015f\u00fcn akabinde ortal\u0131k kar\u0131\u015ft\u0131. Teknik y\u00f6netici Sergio Concei\u00e7ao ile ekip kaptan\u0131 Davide Calabria ortas\u0131nda ya\u015fanan arbede ma\u00e7\u0131n \u00f6n\u00fcne ge\u00e7ti.<\/p>\n<p>Ma\u00e7\u0131n ikinci yar\u0131s\u0131nda, 33. dakikada oyundan al\u0131nan Calabria, yerini Jovic\u2019e b\u0131rak\u0131rken hayli sonluydu. Direkt yedek kul\u00fcbesine giden savunma oyuncusu, bu s\u0131rada kaptanl\u0131k pazuband\u0131n\u0131 kaleci Mike Maignan\u2019a devretti. Oyundan \u00e7\u0131k\u0131\u015f\u0131yla ilgili yans\u0131s\u0131 a\u00e7\u0131k\u00e7a hissedilen Calabria, saha kenar\u0131nda Portekizli teknik adam\u0131n radar\u0131na girdi.<\/p>\n<p><b>CONCEI\u00c7AO \u00dcZER\u0130NE Y\u00dcR\u00dcD\u00dc<\/b><\/p>\n<p>Yay\u0131nc\u0131 kurulu\u015fun kameralar\u0131na yans\u0131yan imajlarda, Sergio Concei\u00e7ao\u2019nun s\u00fcratli ve hudutlu bir formda Calabria\u2019n\u0131n \u00fczerine y\u00fcr\u00fcd\u00fc\u011f\u00fc g\u00f6r\u00fcld\u00fc. Teknik adam\u0131n sert \u00e7\u0131k\u0131\u015f\u0131, saha kenar\u0131ndaki atmosferi daha da gerdi. Tart\u0131\u015fma, \u00f6b\u00fcr oyuncular ve teknik grup taraf\u0131ndan b\u00fcy\u00fcmeden yat\u0131\u015ft\u0131r\u0131ld\u0131.<\/p>\n<p>AC Milan&#8217;\u0131n kaptan\u0131 Davide Calabria, teknik y\u00f6netici Sergio Conceicao ile ya\u015fad\u0131\u011f\u0131 tart\u0131\u015fman\u0131n bir &#8220;yanl\u0131\u015f anla\u015f\u0131lma&#8221; oldu\u011funu ve ortalar\u0131ndaki sorunun \u00e7\u00f6z\u00fcld\u00fc\u011f\u00fcn\u00fc s\u00f6yledi. Serie A&#8217;da Parma&#8217;ya kar\u015f\u0131 oynanan u\u011fra\u015fta son dakikalarda gelen galibiyete, ma\u00e7\u0131n akabinde ya\u015fanan bu olayla g\u00f6lge d\u00fc\u015ft\u00fc.<\/p>\n<p><b>PARMA KAR\u015eISINDA NEFES KESEN GER\u0130 D\u00d6N\u00dc\u015e<\/b><\/p>\n<p>Milan, Parma kar\u015f\u0131s\u0131nda ma\u00e7\u0131n b\u00fcy\u00fck k\u0131sm\u0131nda gerideydi. Cancellieri ve Del Prate&#8217;nin golleriyle iki sefer \u00f6ne ge\u00e7en Parma, uzatmalara kadar \u00fcst\u00fcnl\u00fc\u011f\u00fcn\u00fc koruyordu. Fakat AC Milan, Sergio Conceicao idaresindeki bir\u00e7ok ma\u00e7ta g\u00f6r\u00fclen o &#8220;geri d\u00f6n\u00fc\u015f ruhunu&#8221; bir kere daha alana yans\u0131tt\u0131.<\/p>\n<p>Tijjani Reijnders, 90+2. dakikada beraberli\u011fi getirirken, Samuel Chukwueze\u2019nin 90+5\u2019te att\u0131\u011f\u0131 gol galibiyeti getirdi. Ma\u00e7 sonunda sevin\u00e7le dolu bir atmosfer yerine, Calabria ile Conceicao ortas\u0131nda ya\u015fanan gerginlik dikkatleri \u00fczerine \u00e7ekti.<\/p>\n<p><b>&#8220;ADRENAL\u0130N Y\u00dcKSEKT\u0130, YANLI\u015e ANLA\u015eILDIK&#8221;<\/b><\/p>\n<p>Kar\u015f\u0131la\u015fma sonras\u0131 medya mensuplar\u0131na konu\u015fan Davide Calabria, olay\u0131n saha i\u00e7indeki y\u00fcksek adrenalinden kaynakland\u0131\u011f\u0131n\u0131 belirtti:<\/p>\n<p>&#8220;A\u00e7\u0131k\u00e7as\u0131, bu alanda olan bir \u015feydi. \u0130kimiz ortas\u0131nda bir yanl\u0131\u015f anla\u015f\u0131lma oldu. Adrenalin nitekim y\u00fcksekti ve birbirimizi ger\u00e7ek anlamad\u0131k. Lakin sorunu \u00e7\u00f6zd\u00fck ve bu tip \u015feyler futbolda s\u0131k\u00e7a ya\u015fan\u0131r. Birinci ya da son defa olmayacak.&#8221;<\/p>\n<p><b>&#8220;\u00d6Z\u00dcR D\u0130LER\u0130M, KADRO HER \u015eEYDEN \u00d6NEML\u0130&#8221;<\/b><\/p>\n<p>Calabria, ya\u015fanan olay\u0131n g\u00fczel bir imaj olmad\u0131\u011f\u0131n\u0131 kabul ederek \u015funlar\u0131 ekledi: &#8220;Bunun be\u011fenilen bir \u015fey olmad\u0131\u011f\u0131n\u0131 biliyorum ve \u00f6z\u00fcr dilerim. Fakat en k\u0131ymetli \u015fey, kadronun kazanmas\u0131 ve ma\u00e7\u0131 \u00e7evirebilmi\u015f olmam\u0131z. Bu t\u00fcrl\u00fc anlar futbolda olur, de\u011ferli olan meseleleri \u00e7\u00f6zebilmek.&#8221;<\/p>\n","protected":false},"excerpt":{"rendered":"<p>90+2 ve 90+5&#8217;te buldu\u011fu gollerle Parma kar\u015f\u0131s\u0131nda unutulmaz bir geri d\u00f6n\u00fc\u015fe imza atan Milan&#8217;da teknik y\u00f6netici Sergio Concei\u00e7ao ile kadro kaptan\u0131 Davide Calabria birbirine girdi.<\/p>\n","protected":false},"author":1,"featured_media":19981,"comment_status":"open","ping_status":"open","sticky":false,"template":"","format":"standard","meta":{"footnotes":""},"categories":[30],"tags":[3857,229,3858,1329,1070],"class_list":["post-19980","post","type-post","status-publish","format-standard","has-post-thumbnail","hentry","category-spor","tag-calabria","tag-mac","tag-parma","tag-saha","tag-teknik"],"_links":{"self":[{"href":"https:\/\/ikimisli.tr\/index.php\/wp-json\/wp\/v2\/posts\/19980","targetHints":{"allow":["GET"]}}],"collection":[{"href":"https:\/\/ikimisli.tr\/index.php\/wp-json\/wp\/v2\/posts"}],"about":[{"href":"https:\/\/ikimisli.tr\/index.php\/wp-json\/wp\/v2\/types\/post"}],"author":[{"embeddable":true,"href":"https:\/\/ikimisli.tr\/index.php\/wp-json\/wp\/v2\/users\/1"}],"replies":[{"embeddable":true,"href":"https:\/\/ikimisli.tr\/index.php\/wp-json\/wp\/v2\/comments?post=19980"}],"version-history":[{"count":1,"href":"https:\/\/ikimisli.tr\/index.php\/wp-json\/wp\/v2\/posts\/19980\/revisions"}],"predecessor-version":[{"id":19982,"href":"https:\/\/ikimisli.tr\/index.php\/wp-json\/wp\/v2\/posts\/19980\/revisions\/19982"}],"wp:featuredmedia":[{"embeddable":true,"href":"https:\/\/ikimisli.tr\/index.php\/wp-json\/wp\/v2\/media\/19981"}],"wp:attachment":[{"href":"https:\/\/ikimisli.tr\/index.php\/wp-json\/wp\/v2\/media?parent=19980"}],"wp:term":[{"taxonomy":"category","embeddable":true,"href":"https:\/\/ikimisli.tr\/index.php\/wp-json\/wp\/v2\/categories?post=19980"},{"taxonomy":"post_tag","embeddable":true,"href":"https:\/\/ikimisli.tr\/index.php\/wp-json\/wp\/v2\/tags?post=19980"}],"curies":[{"name":"wp","href":"https:\/\/api.w.org\/{rel}","templated":true}]}}