{"id":19999,"date":"2025-03-29T13:24:10","date_gmt":"2025-03-29T13:24:10","guid":{"rendered":"https:\/\/ikimisli.tr\/?p=19999"},"modified":"2025-03-29T13:24:10","modified_gmt":"2025-03-29T13:24:10","slug":"doktor-ifsa-etti-skandal-ortaya-cikti-etkilesim-icin-erken-dogum-yaptirildi-iddiasina-inceleme","status":"publish","type":"post","link":"https:\/\/ikimisli.tr\/index.php\/2025\/03\/29\/doktor-ifsa-etti-skandal-ortaya-cikti-etkilesim-icin-erken-dogum-yaptirildi-iddiasina-inceleme\/","title":{"rendered":"Doktor if\u015fa etti, skandal ortaya \u00e7\u0131kt\u0131: Etkile\u015fim i\u00e7in erken do\u011fum yapt\u0131r\u0131ld\u0131 iddias\u0131na inceleme"},"content":{"rendered":"<p>\u0130stanbul&#8217;da \u00f6zel bir hastanede yenido\u011fan skandal\u0131 daha&#8230;<\/p>\n<p>S\u00f6z konusu hastanede \u00e7al\u0131\u015fan doktor E.E., kendi sosyal medya hesab\u0131ndan \u00e7al\u0131\u015ft\u0131\u011f\u0131 hastanede yeni do\u011fan bebeklere mak\u00fbs muamelede bulunuldu\u011funu tez eden payla\u015f\u0131mlarda bulundu.<\/p>\n<p>Sosyal medyaya g\u00f6r\u00fcnt\u00fc \u00e7ekilmesi emeliyle anne adaylar\u0131n\u0131n erken do\u011fuma al\u0131nd\u0131\u011f\u0131 ve sezaryen yoluyla do\u011fum yapt\u0131r\u0131ld\u0131\u011f\u0131 halinde tezlerde bulunan doktor, buna kar\u015f\u0131 \u00e7\u0131kt\u0131\u011f\u0131 i\u00e7in tehdit edildi\u011fini belirtti.<\/p>\n<p><img decoding=\"async\" src=\"https:\/\/ikimisli.tr\/wp-content\/uploads\/2025\/03\/doktor-ifsa-etti-skandal-ortaya-cikti-etkilesim-icin-erken-dogum-yaptirildi-iddiasina-inceleme-0-kQnSaqkr.jpg\"\/><\/p>\n<p><b>\u0130NCELEME BA\u015eLATILDI<\/b><\/p>\n<p>Sosyal medyada tezlerin yay\u0131lmas\u0131n\u0131n akabinde S\u0131hhat Bakanl\u0131\u011f\u0131&#8217;na ba\u011fl\u0131 &#8216;Sa\u011fl\u0131kl\u0131 \u00c7\u00f6z\u00fcm&#8217; hesab\u0131ndan \u0130stanbul Vilayet S\u0131hhat M\u00fcd\u00fcrl\u00fc\u011f\u00fc&#8217;n\u00fcn tezler hakk\u0131nda inceleme ba\u015flatt\u0131\u011f\u0131 duyuruldu.<\/p>\n<p><img decoding=\"async\" src=\"https:\/\/ikimisli.tr\/wp-content\/uploads\/2025\/03\/doktor-ifsa-etti-skandal-ortaya-cikti-etkilesim-icin-erken-dogum-yaptirildi-iddiasina-inceleme-1-1sVLVYXi.jpg\"\/><\/p>\n<p><img decoding=\"async\" src=\"https:\/\/ikimisli.tr\/wp-content\/uploads\/2025\/03\/doktor-ifsa-etti-skandal-ortaya-cikti-etkilesim-icin-erken-dogum-yaptirildi-iddiasina-inceleme-2-qMFXTeUv.jpg\"\/><\/p>\n<p><img decoding=\"async\" src=\"https:\/\/ikimisli.tr\/wp-content\/uploads\/2025\/03\/doktor-ifsa-etti-skandal-ortaya-cikti-etkilesim-icin-erken-dogum-yaptirildi-iddiasina-inceleme-3-pdahScXI.jpg\"\/><\/p>\n","protected":false},"excerpt":{"rendered":"<p>\u0130stanbul&#8217;da bulunan \u00f6zel bir hastanedeki hekimin, anne adaylar\u0131n\u0131n g\u00f6r\u00fcnt\u00fclerini \u00e7ekerek etkile\u015fim almak i\u00e7in erken sezaryen yapt\u0131\u011f\u0131 tez edildi. Olayla ilgili \u0130stanbul Vilayet S\u0131hhat M\u00fcd\u00fcrl\u00fc\u011f\u00fc&#8217;n\u00fcn soru\u015fturma ba\u015flatt\u0131\u011f\u0131 bildirildi.<\/p>\n","protected":false},"author":1,"featured_media":20000,"comment_status":"open","ping_status":"open","sticky":false,"template":"","format":"standard","meta":{"footnotes":""},"categories":[25],"tags":[],"class_list":["post-19999","post","type-post","status-publish","format-standard","has-post-thumbnail","hentry","category-gundem"],"_links":{"self":[{"href":"https:\/\/ikimisli.tr\/index.php\/wp-json\/wp\/v2\/posts\/19999","targetHints":{"allow":["GET"]}}],"collection":[{"href":"https:\/\/ikimisli.tr\/index.php\/wp-json\/wp\/v2\/posts"}],"about":[{"href":"https:\/\/ikimisli.tr\/index.php\/wp-json\/wp\/v2\/types\/post"}],"author":[{"embeddable":true,"href":"https:\/\/ikimisli.tr\/index.php\/wp-json\/wp\/v2\/users\/1"}],"replies":[{"embeddable":true,"href":"https:\/\/ikimisli.tr\/index.php\/wp-json\/wp\/v2\/comments?post=19999"}],"version-history":[{"count":1,"href":"https:\/\/ikimisli.tr\/index.php\/wp-json\/wp\/v2\/posts\/19999\/revisions"}],"predecessor-version":[{"id":20005,"href":"https:\/\/ikimisli.tr\/index.php\/wp-json\/wp\/v2\/posts\/19999\/revisions\/20005"}],"wp:featuredmedia":[{"embeddable":true,"href":"https:\/\/ikimisli.tr\/index.php\/wp-json\/wp\/v2\/media\/20000"}],"wp:attachment":[{"href":"https:\/\/ikimisli.tr\/index.php\/wp-json\/wp\/v2\/media?parent=19999"}],"wp:term":[{"taxonomy":"category","embeddable":true,"href":"https:\/\/ikimisli.tr\/index.php\/wp-json\/wp\/v2\/categories?post=19999"},{"taxonomy":"post_tag","embeddable":true,"href":"https:\/\/ikimisli.tr\/index.php\/wp-json\/wp\/v2\/tags?post=19999"}],"curies":[{"name":"wp","href":"https:\/\/api.w.org\/{rel}","templated":true}]}}