{"id":20013,"date":"2025-03-29T14:00:08","date_gmt":"2025-03-29T14:00:08","guid":{"rendered":"https:\/\/ikimisli.tr\/?p=20013"},"modified":"2025-03-29T14:00:08","modified_gmt":"2025-03-29T14:00:08","slug":"ole-gunnar-solskjaer-buyuk-hayal-kirikligina-ugradim","status":"publish","type":"post","link":"https:\/\/ikimisli.tr\/index.php\/2025\/03\/29\/ole-gunnar-solskjaer-buyuk-hayal-kirikligina-ugradim\/","title":{"rendered":"Ole Gunnar Solskjaer: B\u00fcy\u00fck hayal k\u0131r\u0131kl\u0131\u011f\u0131na u\u011frad\u0131m"},"content":{"rendered":"<p>\u015e\u011eTrendyol Harika Lig&#8217;in 21. haftas\u0131nda deplasmanda Onvo Antalyaspor ile 1-1 berabere kalan Be\u015fikta\u015f&#8217;ta teknik y\u00f6netici Ole Gunnar Solskjaer, &#8220;B\u00fcy\u00fck hayal k\u0131r\u0131kl\u0131\u011f\u0131na u\u011frad\u0131m.&#8221; dedi.<\/p>\n<p>Norve\u00e7li teknik adam, Corendon Airlines Park Antalya Stad\u0131&#8217;nda oynanan ma\u00e7\u0131n akabinde d\u00fczenlenen bas\u0131n toplant\u0131s\u0131nda de\u011ferlendirmelerde bulundu.<\/p>\n<p>Antalyaspor Teknik Y\u00f6neticisi Emre Bel\u00f6zo\u011flu&#8217;nun birinci i\u00e7 saha ma\u00e7\u0131nda Akdeniz tak\u0131m\u0131n\u0131n oyuna agresif ba\u015flamas\u0131n\u0131 beklediklerini belirten Solskjaer, &#8220;Asl\u0131nda ma\u00e7\u0131n birinci 10-15 dakikas\u0131nda onlar uygundu. Biz a\u011f\u0131rd\u0131k fakat bir m\u00fchlet sonra denetimi ele ald\u0131k. Asl\u0131nda kendi yar\u0131 alan\u0131m\u0131zda biraz fazla top kaybettik. Bu y\u00fczden rakibin de g\u00fczel oldu\u011fu bir nokta olan kontratak f\u0131rsat\u0131 verdik. \u0130kinci yar\u0131 daha yeterliydik, daha yeterli oynad\u0131k. 1-0&#8217;\u0131 bulunca evet herkesin akl\u0131na \u015fu geliyor, Be\u015fikta\u015f 1-0&#8217;dan sonra oyunu denetim eder, uygun bir mantalite ortaya koyar ve ma\u00e7\u0131 bitirir. Ancak maalesef o denli olmad\u0131, rakibimiz 1-1 yapt\u0131. B\u00fcy\u00fck hayal k\u0131r\u0131kl\u0131\u011f\u0131na u\u011frad\u0131m.&#8221; s\u00f6zlerini kulland\u0131.<\/p>\n<p><b>&#8216;AVRUPA&#8217;YA ODAKLANMAMIZ LAZIM&#8217;<\/b><\/p>\n<p>Bas\u0131n mensuplar\u0131n\u0131n sorular\u0131n\u0131 yan\u0131tlayan Solskjaer, Trendyol S\u00fcper Ligi, kendi oyuncular\u0131n\u0131 ve ma\u00e7\u0131 nas\u0131l y\u00f6netim edip, nas\u0131l davrand\u0131klar\u0131n\u0131 \u00f6\u011frenmeye \u00e7al\u0131\u015ft\u0131\u011f\u0131n\u0131 belirtti.<\/p>\n<p>Kar\u015f\u0131la\u015fmada a\u011f\u0131r kald\u0131klar\u0131n\u0131, daha s\u00fcratli oynamalar\u0131 gerekti\u011fini belirten Solskjaer, &#8220;\u0130yi oyuncular\u0131m\u0131z var. Kapt\u0131rd\u0131\u011f\u0131m\u0131z toplarla rakibimize kontratak f\u0131rsatlar\u0131 vermemiz g\u00fczel de\u011fildi. Buradaki trib\u00fcn atmosferi, taraftarlar \u00e7ok ho\u015ftu. Atmosferi be\u011fendim lakin sonucu be\u011fenmedim. Hayal k\u0131r\u0131kl\u0131\u011f\u0131 bir sonu\u00e7 benim i\u00e7in ancak bunlar\u0131n hepsi benim i\u00e7in birinci ad\u0131m. \u00d6n\u00fcm\u00fczde art\u0131k bir Avrupa ma\u00e7\u0131 var, ona odaklanmam\u0131z laz\u0131m.&#8221; diye konu\u015ftu.<\/p>\n<p>Solskjaer, Be\u015fikta\u015f&#8217;ta istikrar sa\u011flayarak daha uyguna gitmek ve bunu daima hale getirmek istedi\u011fini s\u00f6z ederek, &#8220;\u0130lk 15 dakika kendi ortam\u0131zda \u00e7ok fazla bu t\u00fcrl\u00fc k\u00fc\u00e7\u00fck k\u00fc\u00e7\u00fck paslar yapt\u0131k. Onun yerine daha keskin bir bi\u00e7imde ileriye gitmemiz laz\u0131m. Rakibe kontratak f\u0131rsat\u0131 vermememiz laz\u0131m. Bunlar\u0131 geli\u015ftirmek istiyoruz.&#8221; de\u011ferlendirmesinde bulundu.<\/p>\n<p>Kul\u00fcp ba\u015fkan\u0131 Serdal Adal\u0131 ile daima irtibat halinde olduklar\u0131n\u0131 aktaran Solskjaer, transferde ger\u00e7ek oyuncular\u0131 almay\u0131 hedeflediklerini s\u00f6yledi.<\/p>\n<p>Solskjaer, bug\u00fcnk\u00fc ma\u00e7ta iki defans oyuncusunun sakatlanarak oyundan \u00e7\u0131kt\u0131\u011f\u0131n\u0131, bunun yan\u0131nda sakat olan tekrar defans oyuncular\u0131 bulundu\u011funu belirterek, &#8220;Bu nedenle defans s\u0131n\u0131r\u0131m\u0131zda \u00f6nemli manada sorun ya\u015f\u0131yoruz. Umar\u0131m g\u00fczelle\u015firler, \u00e2l\u00e2 duruma gelirler. Umar\u0131m d\u00fczg\u00fcn bir planlama yapaca\u011f\u0131z&#8221; tabirlerini kulland\u0131.<\/p>\n","protected":false},"excerpt":{"rendered":"<p>Onvo Antalyaspor ile 1-1 berabere kalan Be\u015fikta\u015f&#8217;ta teknik y\u00f6netici Ole Gunnar Solskjaer, &#8220;B\u00fcy\u00fck hayal k\u0131r\u0131kl\u0131\u011f\u0131na u\u011frad\u0131m&#8221; dedi.<\/p>\n","protected":false},"author":1,"featured_media":20014,"comment_status":"open","ping_status":"open","sticky":false,"template":"","format":"standard","meta":{"footnotes":""},"categories":[30],"tags":[2668],"class_list":["post-20013","post","type-post","status-publish","format-standard","has-post-thumbnail","hentry","category-spor","tag-solskjaer"],"_links":{"self":[{"href":"https:\/\/ikimisli.tr\/index.php\/wp-json\/wp\/v2\/posts\/20013","targetHints":{"allow":["GET"]}}],"collection":[{"href":"https:\/\/ikimisli.tr\/index.php\/wp-json\/wp\/v2\/posts"}],"about":[{"href":"https:\/\/ikimisli.tr\/index.php\/wp-json\/wp\/v2\/types\/post"}],"author":[{"embeddable":true,"href":"https:\/\/ikimisli.tr\/index.php\/wp-json\/wp\/v2\/users\/1"}],"replies":[{"embeddable":true,"href":"https:\/\/ikimisli.tr\/index.php\/wp-json\/wp\/v2\/comments?post=20013"}],"version-history":[{"count":1,"href":"https:\/\/ikimisli.tr\/index.php\/wp-json\/wp\/v2\/posts\/20013\/revisions"}],"predecessor-version":[{"id":20015,"href":"https:\/\/ikimisli.tr\/index.php\/wp-json\/wp\/v2\/posts\/20013\/revisions\/20015"}],"wp:featuredmedia":[{"embeddable":true,"href":"https:\/\/ikimisli.tr\/index.php\/wp-json\/wp\/v2\/media\/20014"}],"wp:attachment":[{"href":"https:\/\/ikimisli.tr\/index.php\/wp-json\/wp\/v2\/media?parent=20013"}],"wp:term":[{"taxonomy":"category","embeddable":true,"href":"https:\/\/ikimisli.tr\/index.php\/wp-json\/wp\/v2\/categories?post=20013"},{"taxonomy":"post_tag","embeddable":true,"href":"https:\/\/ikimisli.tr\/index.php\/wp-json\/wp\/v2\/tags?post=20013"}],"curies":[{"name":"wp","href":"https:\/\/api.w.org\/{rel}","templated":true}]}}