{"id":20029,"date":"2025-03-29T14:48:06","date_gmt":"2025-03-29T14:48:06","guid":{"rendered":"https:\/\/ikimisli.tr\/?p=20029"},"modified":"2025-03-29T14:48:06","modified_gmt":"2025-03-29T14:48:06","slug":"oguz-aydindan-kadikoyu-ayaga-kaldiran-muhtesem-gol","status":"publish","type":"post","link":"https:\/\/ikimisli.tr\/index.php\/2025\/03\/29\/oguz-aydindan-kadikoyu-ayaga-kaldiran-muhtesem-gol\/","title":{"rendered":"O\u011fuz Ayd\u0131n&#8217;dan Kad\u0131k\u00f6y&#8217;\u00fc aya\u011fa kald\u0131ran muhte\u015fem gol!"},"content":{"rendered":"<p>Trendyol \u00dcst\u00fcn Lig&#8217;in 21. haftas\u0131nda Fenerbah\u00e7e, Kad\u0131k\u00f6y\u2019de ligin formda gruplar\u0131ndan G\u00f6ztepe\u2019yi a\u011f\u0131rlad\u0131. \u0130kinci yar\u0131s\u0131 hareketli ge\u00e7en ma\u00e7ta gen\u00e7 y\u0131ld\u0131z aday\u0131 O\u011fuz Ayd\u0131n, att\u0131\u011f\u0131 m\u00fckemmel golle izleyenleri b\u00fcy\u00fcledi.<\/p>\n<p><b>HERKES ORTA BEKLERKEN&#8230;<\/b><\/p>\n<p>Ma\u00e7\u0131n 55. dakikas\u0131nda Fenerbah\u00e7e\u2019nin hamlesinde, Allan Saint-Maximin\u2019in pas\u0131yla ceza alan\u0131 d\u0131\u015f\u0131nda topla bulu\u015fan O\u011fuz Ayd\u0131n, topu kaleye g\u00f6ndermeyi tercih etti. Birden fazla izleyicinin orta a\u00e7mas\u0131n\u0131 bekledi\u011fi Ayd\u0131n, harikulade bir \u015futla topu a\u011flara yollad\u0131 ve G\u00f6ztepe kalecisi Mateusz Lis\u2019i \u00e7aresiz b\u0131rakt\u0131. Sar\u0131 lacivertlilerin 3. gol\u00fcn\u00fc atan O\u011fuz Ayd\u0131n grubu da rahatlatm\u0131\u015f oldu.\u00a0<\/p>\n<p><b>KAR\u0130YER\u0130NDEK\u0130 2. CEZA ALANI DI\u015eI GOL\u00dc<\/b><\/p>\n<p>Gen\u00e7 oyuncunun att\u0131\u011f\u0131 bu gol, mesle\u011findeki ikinci ceza alan\u0131 d\u0131\u015f\u0131 gol\u00fc olarak kay\u0131tlara ge\u00e7ti. Bu sezon S\u00fcper Lig&#8217;de Fenerbah\u00e7e formas\u0131yla 9. ma\u00e7\u0131na \u00e7\u0131kan O\u011fuz Ayd\u0131n, toplamda 4. gol\u00fcn\u00fc atarken, bir de asist yaparak kadrosuna katk\u0131 sa\u011flad\u0131.<\/p>\n<p>O\u011fuz Ayd\u0131n\u2019\u0131n bu performans\u0131, Fenerbah\u00e7e taraftar\u0131n\u0131 heyecanland\u0131r\u0131rken, gen\u00e7 oyuncunun alandaki \u00f6zg\u00fcveni ve skora yapt\u0131\u011f\u0131 katk\u0131, gelecekle ilgili umut \u0131\u015f\u0131\u011f\u0131 yakt\u0131.\u00a0<\/p>\n<p>https:\/\/twitter.com\/beINSPORTS_TR\/status\/1883577162004861090<\/p>\n","protected":false},"excerpt":{"rendered":"<p>Fenerbah\u00e7e&#8217;nin G\u00f6ztepe&#8217;yi 3-2 ma\u011flup etti\u011fi ma\u00e7ta sar\u0131 lacivertlilerin 3. gol\u00fcn\u00fc atan O\u011fuz Ayd\u0131n herkesin a\u011fz\u0131n\u0131 a\u00e7\u0131k b\u0131rakt\u0131.<\/p>\n","protected":false},"author":1,"featured_media":20031,"comment_status":"open","ping_status":"open","sticky":false,"template":"","format":"standard","meta":{"footnotes":""},"categories":[30],"tags":[3860],"class_list":["post-20029","post","type-post","status-publish","format-standard","has-post-thumbnail","hentry","category-spor","tag-oguz-aydin"],"_links":{"self":[{"href":"https:\/\/ikimisli.tr\/index.php\/wp-json\/wp\/v2\/posts\/20029","targetHints":{"allow":["GET"]}}],"collection":[{"href":"https:\/\/ikimisli.tr\/index.php\/wp-json\/wp\/v2\/posts"}],"about":[{"href":"https:\/\/ikimisli.tr\/index.php\/wp-json\/wp\/v2\/types\/post"}],"author":[{"embeddable":true,"href":"https:\/\/ikimisli.tr\/index.php\/wp-json\/wp\/v2\/users\/1"}],"replies":[{"embeddable":true,"href":"https:\/\/ikimisli.tr\/index.php\/wp-json\/wp\/v2\/comments?post=20029"}],"version-history":[{"count":1,"href":"https:\/\/ikimisli.tr\/index.php\/wp-json\/wp\/v2\/posts\/20029\/revisions"}],"predecessor-version":[{"id":20032,"href":"https:\/\/ikimisli.tr\/index.php\/wp-json\/wp\/v2\/posts\/20029\/revisions\/20032"}],"wp:featuredmedia":[{"embeddable":true,"href":"https:\/\/ikimisli.tr\/index.php\/wp-json\/wp\/v2\/media\/20031"}],"wp:attachment":[{"href":"https:\/\/ikimisli.tr\/index.php\/wp-json\/wp\/v2\/media?parent=20029"}],"wp:term":[{"taxonomy":"category","embeddable":true,"href":"https:\/\/ikimisli.tr\/index.php\/wp-json\/wp\/v2\/categories?post=20029"},{"taxonomy":"post_tag","embeddable":true,"href":"https:\/\/ikimisli.tr\/index.php\/wp-json\/wp\/v2\/tags?post=20029"}],"curies":[{"name":"wp","href":"https:\/\/api.w.org\/{rel}","templated":true}]}}