{"id":20086,"date":"2025-03-29T18:12:16","date_gmt":"2025-03-29T18:12:16","guid":{"rendered":"https:\/\/ikimisli.tr\/?p=20086"},"modified":"2025-03-29T18:12:16","modified_gmt":"2025-03-29T18:12:16","slug":"koku-alma-duyumuz-hakkinda-5-buyuleyici-gercek","status":"publish","type":"post","link":"https:\/\/ikimisli.tr\/index.php\/2025\/03\/29\/koku-alma-duyumuz-hakkinda-5-buyuleyici-gercek\/","title":{"rendered":"Koku alma duyumuz hakk\u0131nda 5 b\u00fcy\u00fcleyici ger\u00e7ek"},"content":{"rendered":"<p>Koku alma duyusu, haf\u0131za, hisler ve zihinsel s\u0131hhat \u00fczerinde g\u00fc\u00e7l\u00fc bir tesire sahiptir. \u00c7oklukla en az paha verilen duyulardan biri olsa da, bilim insanlar\u0131 kokunun hayat kalitemizdeki k\u0131ymetini ve onu geri kazanman\u0131n yollar\u0131n\u0131 giderek daha \u00e2l\u00e2 anlamaya ba\u015fl\u0131yor.<\/p>\n<p><b>KOKU HAFIZA VE H\u0130SLERLE BA\u011eLANTILI<\/b><\/p>\n<p>Bir f\u0131r\u0131ndan yay\u0131lan taze ekmek kokusu sizi \u00e7ocukluk an\u0131lar\u0131n\u0131za g\u00f6t\u00fcrebilir ya da muhakkak bir parf\u00fcm eski bir ba\u011flant\u0131y\u0131 hat\u0131rlatabilir. Bunun nedeni, kokunun direkt beynin limbik sistemiyle irtibatl\u0131 olmas\u0131d\u0131r. Limbik sistem, hislerin olu\u015ftu\u011fu amigdala ve an\u0131lar\u0131n yarat\u0131ld\u0131\u011f\u0131 hipokampus \u00fczere b\u00f6lgeleri i\u00e7erir. Bu, kokuyu haf\u0131za ve hislere en g\u00fc\u00e7l\u00fc halde ba\u011flayan duyudur.<\/p>\n<p><b>S\u00dcREKL\u0130 YEN\u0130LEN\u0130YOR<\/b><\/p>\n<p>Olfakt\u00f6r hudut h\u00fccreleri birka\u00e7 ayda bir \u00f6l\u00fcr ve yerine yenileri gelir. Bu, koku alma duyunuzun enfeksiyonlar yahut yaralanmalar sonras\u0131 ekseriyetle geri kazan\u0131labilmesini sa\u011flar. Lakin, COVID-19 \u00fczere kimi enfeksiyonlar bu sistemi kal\u0131c\u0131 olarak etkileyebilir ve koku kayb\u0131na yol a\u00e7abilir.<\/p>\n<p><img decoding=\"async\" src=\"https:\/\/ikimisli.tr\/wp-content\/uploads\/2025\/03\/koku-alma-duyumuz-hakkinda-5-buyuleyici-gercek-0-wBy6sIcq.webp\"\/><\/p>\n<p><b>KOKU KAYBI RUH SIHHAT\u0130N\u0130 ETK\u0130LER<\/b><\/p>\n<p>Anosmi (tam koku kayb\u0131) yahut hiposmi (k\u0131smi koku kayb\u0131) ya\u015fayan be\u015ferler, toplumsal ve ferd\u00ee hayatlar\u0131nda \u00f6nemli zorluklarla kar\u015f\u0131la\u015fabilir. Payla\u015f\u0131lan yemek tecr\u00fcbelerinin kayb\u0131 yahut cinsel istekte de\u011fi\u015fiklikler, bu kayb\u0131n birtak\u0131m etkileridir. Ayr\u0131yeten, ya\u015fl\u0131 bireylerde koku kayb\u0131 depresyon ve artan mevt riski ile ili\u015fkilendirilmi\u015ftir.<\/p>\n<p><b>HASTALIKLARIN HABERC\u0130S\u0130<\/b><\/p>\n<p>Koku kayb\u0131, Alzheimer yahut Parkinson hastal\u0131klar\u0131n\u0131n erken bir belirtisi olabilir. Bu hastal\u0131klardan etkilenen bireyler ekseriyetle koku kayb\u0131n\u0131 ba\u015fka belirtilerden evvel ya\u015far. Kolay bir konut testiyle kahve, sabun yahut \u015farap \u00fczere g\u00fcnl\u00fck kokular\u0131 alg\u0131lama yetene\u011finiz \u00f6l\u00e7\u00fclebilir.<\/p>\n<p><img decoding=\"async\" src=\"https:\/\/ikimisli.tr\/wp-content\/uploads\/2025\/03\/koku-alma-duyumuz-hakkinda-5-buyuleyici-gercek-1-lpdAFvQX.webp\"\/><\/p>\n<p><b>YEN\u0130DEN E\u011e\u0130TMEK M\u00dcMK\u00dcN<\/b><\/p>\n<p>Koku e\u011fitimi, koku alma duyusunu geri kazanmak i\u00e7in umut vadeden bir form\u00fcld\u00fcr. Bu prosed\u00fcr, bariz kokular\u0131n (\u00f6rne\u011fin narenciye, \u00e7i\u00e7ek, aromatik ya da meyveli kokular) g\u00fcnde iki sefer k\u0131sa m\u00fcddetli olarak koklanmas\u0131yla uygulan\u0131r. Haf\u0131za odakl\u0131 bu antrenmanlar, burundaki sonlar\u0131 yine organize etmeye yard\u0131mc\u0131 olur. Koku e\u011fitimi, depresyon belirtilerini hafifletmek ve bili\u015fsel gerilemeyi yava\u015flatmak \u00fczere ek yararlar da sa\u011flayabilir.<\/p>\n<p>\u00a0<\/p>\n","protected":false},"excerpt":{"rendered":"<p>Koku alma duyusu ekseriyetle en az k\u0131ymet verilen duyular ortas\u0131nda yer alsa da, zihinsel s\u0131hhat, haf\u0131za ve hisler \u00fczerinde g\u00fc\u00e7l\u00fc bir tesire sahiptir. Ara\u015ft\u0131rmalar, kokunun biyolojik ve n\u00f6rolojik olarak nas\u0131l i\u015fledi\u011fini ve insan hayat\u0131ndaki de\u011ferini giderek daha fazla ortaya koyuyor. \u0130\u015fte koku alma duyunuz hakk\u0131nda be\u015f \u00e7arp\u0131c\u0131 ger\u00e7ek&#8230;<\/p>\n","protected":false},"author":1,"featured_media":20087,"comment_status":"open","ping_status":"open","sticky":false,"template":"","format":"standard","meta":{"footnotes":""},"categories":[31],"tags":[1399,3867],"class_list":["post-20086","post","type-post","status-publish","format-standard","has-post-thumbnail","hentry","category-teknoloji","tag-koku","tag-koku-kaybi"],"_links":{"self":[{"href":"https:\/\/ikimisli.tr\/index.php\/wp-json\/wp\/v2\/posts\/20086","targetHints":{"allow":["GET"]}}],"collection":[{"href":"https:\/\/ikimisli.tr\/index.php\/wp-json\/wp\/v2\/posts"}],"about":[{"href":"https:\/\/ikimisli.tr\/index.php\/wp-json\/wp\/v2\/types\/post"}],"author":[{"embeddable":true,"href":"https:\/\/ikimisli.tr\/index.php\/wp-json\/wp\/v2\/users\/1"}],"replies":[{"embeddable":true,"href":"https:\/\/ikimisli.tr\/index.php\/wp-json\/wp\/v2\/comments?post=20086"}],"version-history":[{"count":1,"href":"https:\/\/ikimisli.tr\/index.php\/wp-json\/wp\/v2\/posts\/20086\/revisions"}],"predecessor-version":[{"id":20090,"href":"https:\/\/ikimisli.tr\/index.php\/wp-json\/wp\/v2\/posts\/20086\/revisions\/20090"}],"wp:featuredmedia":[{"embeddable":true,"href":"https:\/\/ikimisli.tr\/index.php\/wp-json\/wp\/v2\/media\/20087"}],"wp:attachment":[{"href":"https:\/\/ikimisli.tr\/index.php\/wp-json\/wp\/v2\/media?parent=20086"}],"wp:term":[{"taxonomy":"category","embeddable":true,"href":"https:\/\/ikimisli.tr\/index.php\/wp-json\/wp\/v2\/categories?post=20086"},{"taxonomy":"post_tag","embeddable":true,"href":"https:\/\/ikimisli.tr\/index.php\/wp-json\/wp\/v2\/tags?post=20086"}],"curies":[{"name":"wp","href":"https:\/\/api.w.org\/{rel}","templated":true}]}}