{"id":20117,"date":"2025-03-29T19:48:13","date_gmt":"2025-03-29T19:48:13","guid":{"rendered":"https:\/\/ikimisli.tr\/?p=20117"},"modified":"2025-03-29T19:48:13","modified_gmt":"2025-03-29T19:48:13","slug":"ormana-cokmus","status":"publish","type":"post","link":"https:\/\/ikimisli.tr\/index.php\/2025\/03\/29\/ormana-cokmus\/","title":{"rendered":"Ormana \u00e7\u00f6km\u00fc\u015f"},"content":{"rendered":"<p>78 can\u0131m\u0131z\u0131n yand\u0131\u011f\u0131 Grand Kartal Otelin sahiplerinin, orman ve mera i\u015fgalcisi oldu\u011fu bildirildi.<\/p>\n<p>Bolu G\u00f6lc\u00fck yak\u0131nlar\u0131ndaki orman\u0131n \u00e7abucak taban\u0131ndaki 16.5 d\u00f6n\u00fcm yere Gazelle Resort Otelini kurup i\u015fleten i\u015fverenler, otel yerinin 13 kat\u0131 b\u00fcy\u00fckl\u00fc\u011f\u00fcndeki orman topra\u011f\u0131n\u0131 k\u0131sa m\u00fcddette telle \u00e7evirip rant kap\u0131s\u0131na d\u00f6n\u00fc\u015ft\u00fcrd\u00fc.<\/p>\n<p>Karacasu ve Emen k\u00f6yl\u00fcleri, yollar\u0131yla tarla ve meralar\u0131n\u0131n otel taraf\u0131ndan gasp edildi\u011fini, devletin de i\u015fverenlerin taraf\u0131nda yer ald\u0131\u011f\u0131n\u0131 s\u00f6ylediler.<\/p>\n<p><img decoding=\"async\" src=\"https:\/\/ikimisli.tr\/wp-content\/uploads\/2025\/03\/ormana-cokmus-0-6MA848Gd.jpg\"\/><\/p>\n<p><strong>BELED\u0130YEDEN SATIN ALDI<\/strong><\/p>\n<p>Ma\u011fdur edilen k\u00f6yl\u00fclerle belediye yetkililerinden edinilen bilgilere nazaran, Grand Kartal Otel ve Turizm A.\u015e, 2005 y\u0131l\u0131nda orman hududunda bulunan 16.500 metrekare araziyi AKP\u2019li Karacasu Belediyesi\u2019nden sat\u0131n al\u0131p Gazelle Resort Otel Spa isminde 5 y\u0131ld\u0131zl\u0131 termal bir otel in\u015fa etti.<\/p>\n<p>2012 y\u0131l\u0131nda i\u015fletmeye a\u00e7\u0131lan otele bu alan dar geldi, \u00e7abucak yan\u0131 ba\u015f\u0131ndaki ormana g\u00f6z dikildi. Bu orman alan\u0131na otoparklar, seyahat ve oyun alanlar\u0131 yap\u0131ld\u0131. B\u00f6ylelikle yakla\u015f\u0131k 20.000 m2\u2019lik orman i\u015fgal edilmi\u015f oldu.\u00a0<\/p>\n<p><strong>HALKTAN KOPARILDI<\/strong><\/p>\n<p>Yetmedi, bu sefer k\u00f6yl\u00fclerin yol, mera ve tarla olarak kulland\u0131\u011f\u0131 yerleri de i\u00e7ine alan devasa ormana g\u00f6z dikildi. Bu gayeyle Orman Bakanl\u0131\u011f\u0131ndan, kom\u015fu orman\u0131n bir k\u0131sm\u0131n\u0131n \u2018mesire alan\u0131\u2019 ilan edilip kendilerine kiraya verilmesi istendi. Bu talep \u00e7abucak kabul edildi.<\/p>\n<p>Ard\u0131ndan Bakan imzal\u0131 \u00e7\u0131kan yeni kararlarla Yarenlerdere ismindeki kiral\u0131k mesire alan\u0131 2022 sonunda 200.000 m2\u2019ye kadar \u00e7\u0131kart\u0131ld\u0131. Etraf\u0131 tel \u00f6rg\u00fcyle \u00e7evrilip halktan kopar\u0131lan bu ormanl\u0131k alan yaln\u0131zca otel m\u00fc\u015fterilerinin kullanabildi\u011fi, i\u00e7inde ATV yollar\u0131 ve seyahat ve c\u00fcmb\u00fc\u015f alanlar\u0131n\u0131n oldu\u011fu rant kap\u0131s\u0131na d\u00f6n\u00fc\u015ft\u00fcr\u00fcld\u00fc.<\/p>\n<p><img decoding=\"async\" src=\"https:\/\/ikimisli.tr\/wp-content\/uploads\/2025\/03\/ormana-cokmus-1-C69Eh5wb.jpg\"\/><\/p>\n<p><b><span>\u2018Herkes biliyor, devlet i\u015fverenlerin yan\u0131nda\u2019<\/span><\/b><\/p>\n<p>Y\u0131llard\u0131r evvel tarlalar\u0131n\u0131n art\u0131k de kendilerinin kulland\u0131\u011f\u0131 mera ve tarlalar\u0131 ellerinden al\u0131nan k\u00f6yl\u00fcler oteli devlete \u015fikayet etti. Fakat sonu\u00e7 de\u011fi\u015fmedi. Ma\u011fdur k\u00f6yl\u00fcler, \u201cOtel sahibinin g\u00fcc\u00fc Bolu\u2019yu a\u015ft\u0131, Ankara\u2019ya ula\u015ft\u0131. Yolumuz, meram\u0131z, tarlalar\u0131m\u0131z gasp edildi\u201d dedi ve devam etti:<\/p>\n<p>\u201cOtelinpatronu orman\u0131 devletten kiralad\u0131\u011f\u0131n\u0131 s\u00f6yleyip kendini kurtarmaya \u00e7al\u0131\u015f\u0131yor. Lakin devleti y\u00f6netenlerin adeta otel i\u015fvereninin buyru\u011funda oldu\u011funu herkes biliyor. 2B yasas\u0131 mera ve tarlalar\u0131m\u0131z\u0131 sat\u0131n alma hakk\u0131 veriyor. Lakin bu hakk\u0131m\u0131z da siyasi g\u00fc\u00e7 kullan\u0131larak gasp edildi.\u201d<\/p>\n<p><img decoding=\"async\" src=\"https:\/\/ikimisli.tr\/wp-content\/uploads\/2025\/03\/ormana-cokmus-2-eXAAnIGh.jpg\"\/><\/p>\n<p><em>Grand Otel i\u015fgal etti\u011fi ormana \u00f6zel mesire alan\u0131 ilan edip tabela ast\u0131.<\/em><\/p>\n<p><b><span>Yanan otel nas\u0131l 12 kata \u00e7\u0131kt\u0131ysa, tarlalar da o denli gitti<\/span><\/b><\/p>\n<p>Yanan\u00a0Grand Kartal ile Gazelle Otel\u2019in sahiplerinin birebir vakitte G\u00f6lc\u00fck Tabiat Park\u0131\u2019ndaki restoran\u0131 da i\u015fletti\u011fini bildiren k\u00f6y sakinleri, \u201cDevleti y\u00f6netenler bu i\u015fverenlerin yan\u0131nda. 3 katl\u0131 Grand Kartal\u2019\u0131 12 kata \u00e7\u0131karan g\u00fc\u00e7 ile tarlalar\u0131m\u0131za el koyan g\u00fc\u00e7 birebir g\u00fc\u00e7\u201d diyerek isyan etti.<\/p>\n<p>K\u00f6yl\u00fcler\u015funlar\u0131 s\u00f6yledi: \u201cKartalkaya\u2019da 78 ki\u015finin deh\u015fetli bi\u00e7imde can verdi\u011fi otelin 12 kata \u00e7\u0131kmas\u0131na p\u00fcr\u00fcz olamayan devlet bizim tarlalar\u0131m\u0131za el konulmas\u0131n\u0131 da \u00f6nleyemiyor. Kimi kime \u015fik\u00e2yet edece\u011fiz? Dedemizden kalan yerlere ne biz girebiliyoruz ne de hayvanlar\u0131m\u0131z.\u201d<\/p>\n","protected":false},"excerpt":{"rendered":"<p>Grand Kartal Otel\u2019in sahibinin, kendi yerinin 13 kat\u0131 b\u00fcy\u00fckl\u00fc\u011f\u00fcndeki orman\u0131 telle \u00e7evirerek vurgun yapt\u0131\u011f\u0131 ortaya \u00e7\u0131kt\u0131. K\u00f6yl\u00fclerin tarlalar\u0131 da otele verilmi\u015f.<\/p>\n","protected":false},"author":1,"featured_media":20118,"comment_status":"open","ping_status":"open","sticky":false,"template":"","format":"standard","meta":{"footnotes":""},"categories":[25],"tags":[428,297,505,73,901],"class_list":["post-20117","post","type-post","status-publish","format-standard","has-post-thumbnail","hentry","category-gundem","tag-alan","tag-devlet","tag-orman","tag-otel","tag-tarla"],"_links":{"self":[{"href":"https:\/\/ikimisli.tr\/index.php\/wp-json\/wp\/v2\/posts\/20117","targetHints":{"allow":["GET"]}}],"collection":[{"href":"https:\/\/ikimisli.tr\/index.php\/wp-json\/wp\/v2\/posts"}],"about":[{"href":"https:\/\/ikimisli.tr\/index.php\/wp-json\/wp\/v2\/types\/post"}],"author":[{"embeddable":true,"href":"https:\/\/ikimisli.tr\/index.php\/wp-json\/wp\/v2\/users\/1"}],"replies":[{"embeddable":true,"href":"https:\/\/ikimisli.tr\/index.php\/wp-json\/wp\/v2\/comments?post=20117"}],"version-history":[{"count":1,"href":"https:\/\/ikimisli.tr\/index.php\/wp-json\/wp\/v2\/posts\/20117\/revisions"}],"predecessor-version":[{"id":20122,"href":"https:\/\/ikimisli.tr\/index.php\/wp-json\/wp\/v2\/posts\/20117\/revisions\/20122"}],"wp:featuredmedia":[{"embeddable":true,"href":"https:\/\/ikimisli.tr\/index.php\/wp-json\/wp\/v2\/media\/20118"}],"wp:attachment":[{"href":"https:\/\/ikimisli.tr\/index.php\/wp-json\/wp\/v2\/media?parent=20117"}],"wp:term":[{"taxonomy":"category","embeddable":true,"href":"https:\/\/ikimisli.tr\/index.php\/wp-json\/wp\/v2\/categories?post=20117"},{"taxonomy":"post_tag","embeddable":true,"href":"https:\/\/ikimisli.tr\/index.php\/wp-json\/wp\/v2\/tags?post=20117"}],"curies":[{"name":"wp","href":"https:\/\/api.w.org\/{rel}","templated":true}]}}