{"id":20126,"date":"2025-03-29T20:12:10","date_gmt":"2025-03-29T20:12:10","guid":{"rendered":"https:\/\/ikimisli.tr\/?p=20126"},"modified":"2025-03-29T20:12:10","modified_gmt":"2025-03-29T20:12:10","slug":"ureticiyi-bitirecek-bir-hamle-daha-ithal-marul","status":"publish","type":"post","link":"https:\/\/ikimisli.tr\/index.php\/2025\/03\/29\/ureticiyi-bitirecek-bir-hamle-daha-ithal-marul\/","title":{"rendered":"\u00dcreticiyi bitirecek bir hamle daha ithal marul"},"content":{"rendered":"<p>\u0130ran ve M\u0131s\u0131r\u2019dan ithal edilen marul, yerli \u00fcreticiyi d\u00fc\u015f\u00fcnceye soktu. \u00dcreticiler, ithal gelen marulun dahi kendi maliyetlerinin alt\u0131nda kald\u0131\u011f\u0131n\u0131, rekabet edemez durumda olduklar\u0131n\u0131 tabir ediyor. Yeni Yol K\u00fcme Ba\u015fkanvekili Mehmet Emin Ekmen, se\u00e7im b\u00f6lgesi Mersin\u2019in Tarsus il\u00e7esinde g\u00f6bek marul yeti\u015ftiricili\u011fi yapan bir \u00fcreticinin isyan\u0131na takviye verdi ve h\u00fck\u00fcmete davette bulundu: \u201cPamuk ve bu\u011fday ithal ettiniz \u00e7ift\u00e7ili\u011fi \u00f6ld\u00fcrd\u00fcn\u00fcz. Art\u0131k de marul ithal ederek ba\u011f bah\u00e7ecili\u011fi mi \u00f6ld\u00fcrmek istiyorsunuz?\u201d Tarsus\u2019ta marul \u00fcreticisi bir \u00e7ift\u00e7i \u015fikayetlerini \u015f\u00f6yle a\u00e7\u0131klad\u0131: \u201cMersin\u2019in Tarsus il\u00e7esinde y\u0131llard\u0131r g\u00f6bek marul yeti\u015ftiricili\u011fi yapmaktay\u0131z. Dededen kalan mesle\u011fimizi \u00fc\u00e7\u00fcnc\u00fc ku\u015fak olarak s\u0131k\u0131nt\u0131 da olsa s\u00fcrd\u00fcrmeye \u00e7al\u0131\u015f\u0131yoruz. Son y\u0131llarda bilhassa aral\u0131k, ocak ve \u015fubat aylar\u0131nda \u0130ran ve M\u0131s\u0131r\u2019dan \u00e7ok fazla ithalat yap\u0131l\u0131yor. Direkt Bayrampa\u015fa haline ve \u00e7i\u011f k\u00f6fte kesimi olmak \u00fczere geni\u015f bir al\u0131c\u0131 kitlesine sahip. \u0130ran \u00e7ift\u00e7ilerine b\u00fcy\u00fck te\u015fvikler ve imtiyazlar tan\u0131d\u0131\u011f\u0131 i\u00e7in, ithal olarak gelen mal dahi bizim \u00fcretim maliyetimizin alt\u0131nda kal\u0131yor.\u201d<\/p>\n<p><strong>TARIMA \u0130HANET<\/strong><\/p>\n<p>Mersin Milletvekili Ekmen, marul \u00fcreticisinin isyan\u0131n\u0131 dayanak verdi ve \u015funlar\u0131 s\u00f6yledi: \u201cCanl\u0131 hayvan ithal ettiniz hayvanc\u0131l\u0131\u011f\u0131 \u00f6ld\u00fcrd\u00fcn\u00fcz. Pamuk ve bu\u011fday ithal ettiniz \u00e7ift\u00e7ili\u011fi \u00f6ld\u00fcrd\u00fcn\u00fcz. Art\u0131k de marul ithal ederek ba\u011f bah\u00e7ecili\u011fi mi \u00f6ld\u00fcrmek istiyorsunuz? Tarsus\u2019lu \u00e7ift\u00e7inin atadan dededen miras kalan ve asgar\u00ee 20 TL\u2019ye mal etti\u011fi marula kar\u015f\u0131, \u0130ran\u2019dan marul getirtip 15 TL\u2019ye satmak tar\u0131ma \u00e7ift\u00e7ili\u011fe bah\u00e7ecili\u011fe ihanettir.\u201d<\/p>\n<p><img decoding=\"async\" src=\"https:\/\/ikimisli.tr\/wp-content\/uploads\/2025\/03\/ureticiyi-bitirecek-bir-hamle-daha-ithal-marul-0-nmmPMGwP.jpg\"\/><\/p>\n<p><b><span>\u2018G\u0131da enflasyonu ithalatla \u00e7\u00f6z\u00fclmez\u2019<\/span><\/b><\/p>\n<p>Mehme<strong>t<\/strong> Emin Ekmen, besin enflasyonunun ithalatla bitmeyece\u011fini vurgulad\u0131. Ekmen \u015fu s\u00f6zleri kulland\u0131: \u201cG\u0131da ile enflasyonu kayna\u011f\u0131nda \u00e7ift\u00e7iyi ve \u00fcretim maliyetlerini destekleyerek d\u00fc\u015fer. \u00c7ift\u00e7inin kulland\u0131\u011f\u0131 g\u00fcbre k\u0131ymetli, mazot de\u011ferli, sulama bedeli ve elektri\u011fi k\u0131ymetli, vergiler y\u00fcksek takviyeler yetersiz. Yetersiz takviyeler ve yanl\u0131\u015f ithalat siyasetleri ile \u00e7ift\u00e7iyi tar\u0131mdan kopart\u0131yorsunuz sonra fahi\u015f fiyat\u0131n hatal\u0131s\u0131n\u0131 ar\u0131yorsunuz! Hatal\u0131 a\u015fik\u00e2r de\u011fil mi?\u201d<\/p>\n","protected":false},"excerpt":{"rendered":"<p>\u0130thal hayvan ve ithal bu\u011fdaydan sonra marul da ithal edilmeye ba\u015fland\u0131. \u0130thalat ve artan maliyetler nedeniyle \u00e7ift\u00e7iler g\u00fc\u00e7 durumda kald\u0131, \u00fcretim d\u00fc\u015ft\u00fc.<\/p>\n","protected":false},"author":1,"featured_media":20127,"comment_status":"open","ping_status":"open","sticky":false,"template":"","format":"standard","meta":{"footnotes":""},"categories":[24],"tags":[1343,234,1742,1402,3871],"class_list":["post-20126","post","type-post","status-publish","format-standard","has-post-thumbnail","hentry","category-ekonomi","tag-ciftci","tag-destek","tag-ithal","tag-mal","tag-marul"],"_links":{"self":[{"href":"https:\/\/ikimisli.tr\/index.php\/wp-json\/wp\/v2\/posts\/20126","targetHints":{"allow":["GET"]}}],"collection":[{"href":"https:\/\/ikimisli.tr\/index.php\/wp-json\/wp\/v2\/posts"}],"about":[{"href":"https:\/\/ikimisli.tr\/index.php\/wp-json\/wp\/v2\/types\/post"}],"author":[{"embeddable":true,"href":"https:\/\/ikimisli.tr\/index.php\/wp-json\/wp\/v2\/users\/1"}],"replies":[{"embeddable":true,"href":"https:\/\/ikimisli.tr\/index.php\/wp-json\/wp\/v2\/comments?post=20126"}],"version-history":[{"count":1,"href":"https:\/\/ikimisli.tr\/index.php\/wp-json\/wp\/v2\/posts\/20126\/revisions"}],"predecessor-version":[{"id":20129,"href":"https:\/\/ikimisli.tr\/index.php\/wp-json\/wp\/v2\/posts\/20126\/revisions\/20129"}],"wp:featuredmedia":[{"embeddable":true,"href":"https:\/\/ikimisli.tr\/index.php\/wp-json\/wp\/v2\/media\/20127"}],"wp:attachment":[{"href":"https:\/\/ikimisli.tr\/index.php\/wp-json\/wp\/v2\/media?parent=20126"}],"wp:term":[{"taxonomy":"category","embeddable":true,"href":"https:\/\/ikimisli.tr\/index.php\/wp-json\/wp\/v2\/categories?post=20126"},{"taxonomy":"post_tag","embeddable":true,"href":"https:\/\/ikimisli.tr\/index.php\/wp-json\/wp\/v2\/tags?post=20126"}],"curies":[{"name":"wp","href":"https:\/\/api.w.org\/{rel}","templated":true}]}}