{"id":20441,"date":"2025-03-30T13:48:08","date_gmt":"2025-03-30T13:48:08","guid":{"rendered":"https:\/\/ikimisli.tr\/?p=20441"},"modified":"2025-03-30T13:48:08","modified_gmt":"2025-03-30T13:48:08","slug":"beyaz-saray-duyurdu-ateskes-uzatildi","status":"publish","type":"post","link":"https:\/\/ikimisli.tr\/index.php\/2025\/03\/30\/beyaz-saray-duyurdu-ateskes-uzatildi\/","title":{"rendered":"Beyaz Saray duyurdu, ate\u015fkes uzat\u0131ld\u0131"},"content":{"rendered":"<div>\n<div>\n<div>\n<div>\n<div>\n<div>\n<div>\n<div>\u00a0<\/div>\n<\/p><\/div>\n<\/p><\/div>\n<\/p><\/div>\n<\/p><\/div>\n<\/p><\/div>\n<\/p><\/div>\n<\/p><\/div>\n<div>\n<div>\n<div>\n<div>\n<div>\n<div>\n<p>ABD, Pazar g\u00fcn\u00fc yapt\u0131\u011f\u0131 a\u00e7\u0131klamada, L\u00fcbnan ile \u0130srail ortas\u0131ndaki ate\u015fkes mutabakat\u0131n\u0131n uzat\u0131ld\u0131\u011f\u0131n\u0131 ve 18 \u015eubat 2025\u2019e kadar y\u00fcr\u00fcrl\u00fckte kalaca\u011f\u0131n\u0131 duyurdu.<\/p>\n<p>\u0130srail, Cuma g\u00fcn\u00fc yapt\u0131\u011f\u0131 a\u00e7\u0131klamada, ABD arabuluculu\u011funda sa\u011flanan muahedeye nazaran Pazar g\u00fcn\u00fc tamamlanmas\u0131 gereken g\u00fcney L\u00fcbnan\u2019dan \u00e7ekilme s\u00fcrecini uzataca\u011f\u0131n\u0131 belirtmi\u015fti.<\/p>\n<p><img decoding=\"async\" src=\"https:\/\/ikimisli.tr\/wp-content\/uploads\/2025\/03\/beyaz-saray-duyurdu-ateskes-uzatildi-0-jhA3J224.png\"\/><\/p>\n<p><b>22 L\u00dcBNANLI \u00d6LD\u00dc<\/b><\/p>\n<p>\u0130srail&#8217;in L\u00fcbnan&#8217;dan \u00e7ekilmeyi reddetmesi ve L\u00fcbnanl\u0131 sivillerin meskenlerine d\u00f6nmesini engellemesi, ate\u015fkesi tehlikeye att\u0131.<\/p>\n<p>L\u00fcbnan yetkilileri, \u0130srail g\u00fc\u00e7lerinin Pazar g\u00fcn\u00fc g\u00fcney L\u00fcbnan\u2019da 22 ki\u015fiyi \u00f6ld\u00fcrd\u00fc\u011f\u00fcn\u00fc ve bunlar ortas\u0131nda L\u00fcbnan ordusuna ba\u011fl\u0131 bir askerin de bulundu\u011funu a\u00e7\u0131klad\u0131.<\/p>\n<p>\u00c7ekilme s\u00fcreci sona ermesine kar\u015f\u0131n, binlerce ki\u015fi meskenlerine d\u00f6nmeye \u00e7al\u0131\u015f\u0131rken \u0130srail askerlerinin a\u00e7t\u0131\u011f\u0131 ate\u015fle kar\u015f\u0131la\u015ft\u0131. L\u00fcbnan ordusu, \u0130srail\u2019i \u00e7ekilme s\u00fcrecini kas\u0131tl\u0131 olarak geciktirmekle su\u00e7lad\u0131.<\/p>\n<p><img decoding=\"async\" src=\"https:\/\/ikimisli.tr\/wp-content\/uploads\/2025\/03\/beyaz-saray-duyurdu-ateskes-uzatildi-1-hpBBbLKl.png\"\/><\/p>\n<p><b>NE OLMU\u015eTU?<\/b><\/p>\n<p>Hizbullah ile \u0130srail ortas\u0131ndaki \u00e7at\u0131\u015fmalar, Gazze Sava\u015f\u0131\u2019yla paralel olarak s\u00fcrm\u00fc\u015f ve bilhassa \u0130srail\u2019in b\u00fcy\u00fck bir ak\u0131n ba\u015flatt\u0131\u011f\u0131 devirde a\u011f\u0131rla\u015fm\u0131\u015ft\u0131.<\/p>\n<p>Bu atak, L\u00fcbnan\u2019da bir milyondan fazla insan\u0131n yerinden edilmesine ve \u0130ran takviyeli Hezbollah\u2019\u0131n zay\u0131flamas\u0131na yol a\u00e7t\u0131.<\/p>\n<p>ABD, L\u00fcbnan ve \u0130srail ortas\u0131nda 7 Ekim 2023\u2019ten sonra tutuklanan L\u00fcbnanl\u0131 mahkumlar\u0131n iadesine y\u00f6nelik m\u00fczakerelerin ba\u015flat\u0131laca\u011f\u0131n\u0131 da duyurdu.<\/p>\n<\/p><\/div>\n<\/p><\/div>\n<\/p><\/div>\n<\/p><\/div>\n<\/p><\/div>\n<\/p><\/div>\n","protected":false},"excerpt":{"rendered":"<p>ABD, L\u00fcbnan ile \u0130srail ortas\u0131ndaki ate\u015fkesin 18 \u015eubat 2025&#8217;e kadar uzat\u0131ld\u0131\u011f\u0131n\u0131 duyurdu. \u0130srail&#8217;in L\u00fcbnan&#8217;dan \u00e7ekilme s\u00fcrecini ertelemesi ve sivillere y\u00f6nelik ak\u0131nlar\u0131, b\u00f6lgede tansiyonu art\u0131rd\u0131. 22 ki\u015finin hayat\u0131n\u0131 kaybetti\u011fi olaylar ate\u015fkesi tehlikeye att\u0131.<\/p>\n","protected":false},"author":1,"featured_media":20442,"comment_status":"open","ping_status":"open","sticky":false,"template":"","format":"standard","meta":{"footnotes":""},"categories":[43],"tags":[80,159],"class_list":["post-20441","post","type-post","status-publish","format-standard","has-post-thumbnail","hentry","category-dunya","tag-israil","tag-lubnan"],"_links":{"self":[{"href":"https:\/\/ikimisli.tr\/index.php\/wp-json\/wp\/v2\/posts\/20441","targetHints":{"allow":["GET"]}}],"collection":[{"href":"https:\/\/ikimisli.tr\/index.php\/wp-json\/wp\/v2\/posts"}],"about":[{"href":"https:\/\/ikimisli.tr\/index.php\/wp-json\/wp\/v2\/types\/post"}],"author":[{"embeddable":true,"href":"https:\/\/ikimisli.tr\/index.php\/wp-json\/wp\/v2\/users\/1"}],"replies":[{"embeddable":true,"href":"https:\/\/ikimisli.tr\/index.php\/wp-json\/wp\/v2\/comments?post=20441"}],"version-history":[{"count":1,"href":"https:\/\/ikimisli.tr\/index.php\/wp-json\/wp\/v2\/posts\/20441\/revisions"}],"predecessor-version":[{"id":20445,"href":"https:\/\/ikimisli.tr\/index.php\/wp-json\/wp\/v2\/posts\/20441\/revisions\/20445"}],"wp:featuredmedia":[{"embeddable":true,"href":"https:\/\/ikimisli.tr\/index.php\/wp-json\/wp\/v2\/media\/20442"}],"wp:attachment":[{"href":"https:\/\/ikimisli.tr\/index.php\/wp-json\/wp\/v2\/media?parent=20441"}],"wp:term":[{"taxonomy":"category","embeddable":true,"href":"https:\/\/ikimisli.tr\/index.php\/wp-json\/wp\/v2\/categories?post=20441"},{"taxonomy":"post_tag","embeddable":true,"href":"https:\/\/ikimisli.tr\/index.php\/wp-json\/wp\/v2\/tags?post=20441"}],"curies":[{"name":"wp","href":"https:\/\/api.w.org\/{rel}","templated":true}]}}