{"id":20495,"date":"2025-03-30T16:36:04","date_gmt":"2025-03-30T16:36:04","guid":{"rendered":"https:\/\/ikimisli.tr\/?p=20495"},"modified":"2025-03-30T16:36:04","modified_gmt":"2025-03-30T16:36:04","slug":"31-yildir-koltukta-oturan-baskan-yine-secildi","status":"publish","type":"post","link":"https:\/\/ikimisli.tr\/index.php\/2025\/03\/30\/31-yildir-koltukta-oturan-baskan-yine-secildi\/","title":{"rendered":"31 y\u0131ld\u0131r koltukta oturan Ba\u015fkan, yine &#8216;se\u00e7ildi&#8217;"},"content":{"rendered":"<p>Belarus lideri ve Rusya\u2019n\u0131n \u00f6nde gelen m\u00fcttefiki Aleksandr Luka\u015fenko, Pazartesi g\u00fcn\u00fc yap\u0131lan se\u00e7imlerin akabinde 31 y\u0131ll\u0131k iktidar\u0131n\u0131 uzatt\u0131.<\/p>\n<p>\u0130lk sonu\u00e7lara nazaran Luka\u015fenko, d\u00f6rt rakibini geride b\u0131rakarak oylar\u0131n y\u00fczde 86.8\u2019ini ald\u0131. Belarus Kom\u00fcnist Partisi Merkez Komitesi Birinci Sekreteri Sergey S\u0131rankov y\u00fczde 3,21, Belarus Liberal Demokrat Parti ba\u015fkan\u0131 Oleg Gaydukevi\u00e7 y\u00fczde 2,02, ba\u011f\u0131ms\u0131z aday olan i\u015f insan\u0131 Anna Kanopatskaya y\u00fczde 1,86, Cumhuriyet\u00e7i Adalet ve Emek Partisi ba\u015fkan\u0131 Aleksandr Hijnyak y\u00fczde 1,74 oy ald\u0131.<\/p>\n<p><b>AVRUPA SE\u00c7\u0130ME \u0130T\u0130RAZ ETT\u0130<\/b><\/p>\n<p>Avrupa \u00fclkeleri, se\u00e7imlerin \u00f6zg\u00fcr ve adil olmad\u0131\u011f\u0131n\u0131 savundu. Eski Sovyet Cumhuriyeti\u2019nde ba\u011f\u0131ms\u0131z medyan\u0131n yasaklanmas\u0131, \u00f6nde gelen muhaliflerin tutuklanmas\u0131 yahut yurtd\u0131\u015f\u0131na ka\u00e7maya zorlanmas\u0131, Bat\u0131l\u0131 \u00fclkelerin se\u00e7imlere olan inanc\u0131n\u0131 sarsan \u00f6geler ortas\u0131nda yer ald\u0131.<\/p>\n<p>Almanya D\u0131\u015fi\u015fleri Bakan\u0131 Annalena Baerbock, sosyal medya hesab\u0131ndan yapt\u0131\u011f\u0131 payla\u015f\u0131mda, &#8220;Belarus halk\u0131n\u0131n bir se\u00e7ene\u011fi yoktu. \u00d6zg\u00fcrl\u00fck ve demokrasi isteyenler i\u00e7in ac\u0131 bir g\u00fcn,&#8221; tabirlerini kulland\u0131.<\/p>\n<p><b>&#8216;B\u0130Z KOVMADIK, ONLAR MAHPUSU SE\u00c7T\u0130&#8217;<\/b><\/p>\n<p>Luka\u015fenko, muhaliflerinin hapsedilmesiyle ilgili tenkitlere kar\u015f\u0131l\u0131k olarak, &#8220;Baz\u0131lar\u0131 hapishaneyi, kimileri sizin &#8216;s\u00fcrg\u00fcn&#8217; dedi\u011finiz \u015feyi se\u00e7ti. Kimseyi \u00fclkeden biz kovmad\u0131k,&#8221; dedi.<\/p>\n<p>Luka\u015fenko ayr\u0131yeten, Bat\u0131\u2019n\u0131n tenkitlerini umursamad\u0131\u011f\u0131n\u0131 belirtti ve \u201cBat\u0131 benim i\u00e7in hi\u00e7bir \u015fey tabir etmiyor\u201d tabirlerini kulland\u0131.<\/p>\n<p>S\u00fcrg\u00fcndeki muhalefet lideri Sviatlana Tsikhanouskaya, Luka\u015fenko\u2019nun tekrar se\u00e7ilmesini &#8220;diktat\u00f6rler i\u00e7in bir rit\u00fcel&#8221; olarak nitelendirdi.<\/p>\n<p>Tsikhanouskaya\u2019n\u0131n a\u00e7\u0131klamalar\u0131n\u0131n akabinde Var\u015fova ve Do\u011fu Avrupa\u2019daki \u00f6teki kentlerde protesto \u015fovlar\u0131 d\u00fczenlendi.<\/p>\n<p>\u0130nsan haklar\u0131 \u00f6rg\u00fct\u00fc Viasna, Belarus\u2019ta yakla\u015f\u0131k 1.250 siyasi tutuklu bulundu\u011funu ve Luka\u015fenko\u2019nun ge\u00e7en y\u0131l 250\u2019den fazla ki\u015fiyi insani m\u00fcnasebetlerle \u00f6zg\u00fcr b\u0131rakt\u0131\u011f\u0131n\u0131 belirtti.<\/p>\n<p>\u00a0<\/p>\n","protected":false},"excerpt":{"rendered":"<p>Belarus lideri Aleksandr Luka\u015fenko, tart\u0131\u015fmal\u0131 se\u00e7imlerde oylar\u0131n y\u00fczde 86.8\u2019ini alarak 31 y\u0131ll\u0131k iktidar\u0131n\u0131 uzatt\u0131. Avrupa \u00fclkeleri, se\u00e7imlerin adil olmad\u0131\u011f\u0131n\u0131 belirterek sonucu k\u0131nad\u0131. Luka\u015fenko, tenkitleri reddederken, s\u00fcrg\u00fcndeki muhalif lider Sviatlana Tsikhanouskaya se\u00e7imi &#8220;diktat\u00f6rler i\u00e7in bir rit\u00fcel&#8221; olarak tan\u0131mlad\u0131.<\/p>\n","protected":false},"author":1,"featured_media":20496,"comment_status":"open","ping_status":"open","sticky":false,"template":"","format":"standard","meta":{"footnotes":""},"categories":[43],"tags":[2201,3900],"class_list":["post-20495","post","type-post","status-publish","format-standard","has-post-thumbnail","hentry","category-dunya","tag-belarus","tag-lukasenko"],"_links":{"self":[{"href":"https:\/\/ikimisli.tr\/index.php\/wp-json\/wp\/v2\/posts\/20495","targetHints":{"allow":["GET"]}}],"collection":[{"href":"https:\/\/ikimisli.tr\/index.php\/wp-json\/wp\/v2\/posts"}],"about":[{"href":"https:\/\/ikimisli.tr\/index.php\/wp-json\/wp\/v2\/types\/post"}],"author":[{"embeddable":true,"href":"https:\/\/ikimisli.tr\/index.php\/wp-json\/wp\/v2\/users\/1"}],"replies":[{"embeddable":true,"href":"https:\/\/ikimisli.tr\/index.php\/wp-json\/wp\/v2\/comments?post=20495"}],"version-history":[{"count":1,"href":"https:\/\/ikimisli.tr\/index.php\/wp-json\/wp\/v2\/posts\/20495\/revisions"}],"predecessor-version":[{"id":20497,"href":"https:\/\/ikimisli.tr\/index.php\/wp-json\/wp\/v2\/posts\/20495\/revisions\/20497"}],"wp:featuredmedia":[{"embeddable":true,"href":"https:\/\/ikimisli.tr\/index.php\/wp-json\/wp\/v2\/media\/20496"}],"wp:attachment":[{"href":"https:\/\/ikimisli.tr\/index.php\/wp-json\/wp\/v2\/media?parent=20495"}],"wp:term":[{"taxonomy":"category","embeddable":true,"href":"https:\/\/ikimisli.tr\/index.php\/wp-json\/wp\/v2\/categories?post=20495"},{"taxonomy":"post_tag","embeddable":true,"href":"https:\/\/ikimisli.tr\/index.php\/wp-json\/wp\/v2\/tags?post=20495"}],"curies":[{"name":"wp","href":"https:\/\/api.w.org\/{rel}","templated":true}]}}