{"id":20623,"date":"2025-03-30T23:48:10","date_gmt":"2025-03-30T23:48:10","guid":{"rendered":"https:\/\/ikimisli.tr\/?p=20623"},"modified":"2025-03-30T23:48:10","modified_gmt":"2025-03-30T23:48:10","slug":"dogalgaz-faturalarinda-onemli-degisiklik-81-ilin-tamaminda-kademeli-tarifeye-gecilecek","status":"publish","type":"post","link":"https:\/\/ikimisli.tr\/index.php\/2025\/03\/30\/dogalgaz-faturalarinda-onemli-degisiklik-81-ilin-tamaminda-kademeli-tarifeye-gecilecek\/","title":{"rendered":"Do\u011falgaz faturalar\u0131nda \u00f6nemli de\u011fi\u015fiklik: 81 ilin tamam\u0131nda kademeli tarifeye ge\u00e7ilecek"},"content":{"rendered":"<p>Kas\u0131m ay\u0131nda Resmi Gazete&#8217;de yay\u0131mlanan d\u00fczenleme ile Elektrikte s\u00fcbvansiyon, hane i\u00e7in 5000 kwh, i\u015fletmeler i\u00e7in 15 bin kwh ile sonland\u0131r\u0131lm\u0131\u015ft\u0131.\u00a0<\/p>\n<p>D\u00fczenlemeye 1 \u015eubat tarihi prestijiyle ba\u015flanaca\u011f\u0131 belirtilirken, bu durum halihaz\u0131rda 1.050 liran\u0131n \u00fczerinde fatura \u00f6deyen kullan\u0131c\u0131lar\u0131n elektrik faturas\u0131n\u0131n 2 bin liray\u0131 a\u015fmas\u0131na neden olacak.\u00a0<\/p>\n<p><img decoding=\"async\" src=\"https:\/\/ikimisli.tr\/wp-content\/uploads\/2025\/03\/dogalgaz-faturalarinda-onemli-degisiklik-81-ilin-tamaminda-kademeli-tarifeye-gecilecek-0-dXgeLkOz.jpg\"\/><\/p>\n<p><strong>DO\u011eALGAZ FATURALARI \u0130\u00c7\u0130N &#8216;KADEMEL\u0130 TAR\u0130FE&#8217; GEL\u0130YOR\u00a0<\/strong><\/p>\n<p>Uygulama ile g\u00fc\u00e7 bedellerine y\u00f6nelik verilen s\u00fcbvansiyonlar\u0131n daha adil da\u011f\u0131t\u0131m\u0131n\u0131n ama\u00e7land\u0131\u011f\u0131 belirtilirken, birebir sistemin do\u011falgaz faturalar\u0131n\u0131 da kapsayacak bi\u00e7imde geni\u015fletilmesi i\u00e7in \u00e7al\u0131\u015fmalarda son evreye gelindi.<\/p>\n<p>KRT TV&#8217;den Olcay Aydilek&#8217;in haberine nazaran; G\u00fc\u00e7 ve Tabii Kaynaklar Bakanl\u0131\u011f\u0131, y\u00fcr\u00fctt\u00fc\u011f\u00fc \u00e7al\u0131\u015fmada il baz\u0131nda ortalama kullan\u0131m bedellerini tespit etti. Co\u011frafik fakt\u00f6rler ve iklim \u015fartlar\u0131n\u0131n b\u00f6lgelere nazaran b\u00fcy\u00fck farkl\u0131l\u0131klar i\u00e7ermesi nedeniyle, elektrik faturalar\u0131nda belirlenen ortak hudut, do\u011falgaz faturalar\u0131 i\u00e7in ge\u00e7erli olmayacak.\u00a0<\/p>\n<p>Bakanl\u0131k, her kentte tespit edece\u011fi ortalama kullan\u0131m bedelinin \u00fczerine y\u00fczde 30&#8217;luk bir hudut belirleyecek. Kelam konusu sonu a\u015fan kullan\u0131c\u0131lar ise &#8216;y\u00fcksek t\u00fcketim grubu&#8217; olarak isimlendirilecek ve do\u011falgaz faturalar\u0131 i\u00e7in verilen s\u00fcbvansiyondan faydalanamayacak.\u00a0<\/p>\n<p><img decoding=\"async\" src=\"https:\/\/ikimisli.tr\/wp-content\/uploads\/2025\/03\/dogalgaz-faturalarinda-onemli-degisiklik-81-ilin-tamaminda-kademeli-tarifeye-gecilecek-1-RLigk9Qc.jpg\"\/><\/p>\n<p><strong>MART AYINDA Y\u00dcR\u00dcRL\u00dc\u011eE G\u0130RMES\u0130 BEKLEN\u0130YOR\u00a0<\/strong><\/p>\n<p>\u00d6rne\u011fin Ankara i\u00e7in belirlenecek ortalama do\u011falgaz fatura kullan\u0131m\u0131n\u0131n 1.000 lira olmas\u0131 halinde, s\u00fcbvansiyonlar i\u00e7in \u00fcst limit 1.300 lira olarak s\u0131n\u0131rlanacak. 1.300 liran\u0131n \u00fczerinde gelen faturalarda ise devlet dayana\u011f\u0131 kald\u0131r\u0131lacak ve bu sonu a\u015fan aboneler, ola\u011fan kaideler alt\u0131nda \u00f6dedikleri faturan\u0131n yakla\u015f\u0131k iki kat\u0131 ile kar\u015f\u0131 kar\u015f\u0131ya kalacak.\u00a0<\/p>\n<p>Bakanl\u0131k taraf\u0131ndan son haz\u0131rl\u0131klar\u0131 y\u00fcr\u00fct\u00fclen \u00e7al\u0131\u015fman\u0131n mubat ay\u0131n\u0131n son g\u00fcnlerinde ya da mart ay\u0131 prestijiyle devreye al\u0131nmas\u0131 bekleniyor.\u00a0<\/p>\n<p><\/p>\n","protected":false},"excerpt":{"rendered":"<p>Elektrik faturalar\u0131 i\u00e7in 1 \u015eubat prestijiyle y\u00fcr\u00fcrl\u00fc\u011fe girecek &#8220;maliyet temelli tarife&#8221; uygulamas\u0131n\u0131n akabinde, kelam konusu de\u011fi\u015fikli\u011fin do\u011falgaz faturalar\u0131n\u0131 da kapsayacak halde geni\u015fletilmesine karar verildi. Do\u011falgaz kullan\u0131m\u0131nda &#8216;kademeli tarife&#8217; \u00e7al\u0131\u015fmalar\u0131na ba\u015flayan bakanl\u0131k, belirlenen \u00f6l\u00e7\u00fcs\u00fc ge\u00e7en do\u011falgaz abonelerinden \u00e7ok daha y\u00fcksek mebla\u011flarda fatura tahsil edecek.<\/p>\n","protected":false},"author":1,"featured_media":20624,"comment_status":"open","ping_status":"open","sticky":false,"template":"","format":"standard","meta":{"footnotes":""},"categories":[24],"tags":[3917,2853,174,2457],"class_list":["post-20623","post","type-post","status-publish","format-standard","has-post-thumbnail","hentry","category-ekonomi","tag-dogalgaz-fatura","tag-fatura","tag-lira","tag-sinir"],"_links":{"self":[{"href":"https:\/\/ikimisli.tr\/index.php\/wp-json\/wp\/v2\/posts\/20623","targetHints":{"allow":["GET"]}}],"collection":[{"href":"https:\/\/ikimisli.tr\/index.php\/wp-json\/wp\/v2\/posts"}],"about":[{"href":"https:\/\/ikimisli.tr\/index.php\/wp-json\/wp\/v2\/types\/post"}],"author":[{"embeddable":true,"href":"https:\/\/ikimisli.tr\/index.php\/wp-json\/wp\/v2\/users\/1"}],"replies":[{"embeddable":true,"href":"https:\/\/ikimisli.tr\/index.php\/wp-json\/wp\/v2\/comments?post=20623"}],"version-history":[{"count":1,"href":"https:\/\/ikimisli.tr\/index.php\/wp-json\/wp\/v2\/posts\/20623\/revisions"}],"predecessor-version":[{"id":20627,"href":"https:\/\/ikimisli.tr\/index.php\/wp-json\/wp\/v2\/posts\/20623\/revisions\/20627"}],"wp:featuredmedia":[{"embeddable":true,"href":"https:\/\/ikimisli.tr\/index.php\/wp-json\/wp\/v2\/media\/20624"}],"wp:attachment":[{"href":"https:\/\/ikimisli.tr\/index.php\/wp-json\/wp\/v2\/media?parent=20623"}],"wp:term":[{"taxonomy":"category","embeddable":true,"href":"https:\/\/ikimisli.tr\/index.php\/wp-json\/wp\/v2\/categories?post=20623"},{"taxonomy":"post_tag","embeddable":true,"href":"https:\/\/ikimisli.tr\/index.php\/wp-json\/wp\/v2\/tags?post=20623"}],"curies":[{"name":"wp","href":"https:\/\/api.w.org\/{rel}","templated":true}]}}