{"id":20639,"date":"2025-03-31T00:36:06","date_gmt":"2025-03-31T00:36:06","guid":{"rendered":"https:\/\/ikimisli.tr\/?p=20639"},"modified":"2025-03-31T00:36:06","modified_gmt":"2025-03-31T00:36:06","slug":"balikcilar-duyurdu-hamsiye-zam-geldi","status":"publish","type":"post","link":"https:\/\/ikimisli.tr\/index.php\/2025\/03\/31\/balikcilar-duyurdu-hamsiye-zam-geldi\/","title":{"rendered":"Bal\u0131k\u00e7\u0131lar duyurdu: Hamsiye zam geldi"},"content":{"rendered":"<p>Ordu&#8217;da bal\u0131k tezgahlar\u0131nda mezgitin kilogram\u0131 120, istavrit 100, barbun 230, levrek 200, hamsi ise 200 liradan t\u00fcketiciyle bulu\u015fuyor.<\/p>\n<p>Per\u015fembe Bal\u0131k\u00e7\u0131lar Kooperatifi Ba\u015fkan\u0131 \u00dcnal Karadeniz, \u00a0bal\u0131k \u00e7e\u015fidinin \u00e7ok olmas\u0131na kar\u015f\u0131n istenen av\u0131n yap\u0131lamad\u0131\u011f\u0131n\u0131 s\u00f6yledi.<\/p>\n<p>Bal\u0131k\u00e7\u0131lar i\u00e7in yeni d\u00f6nemde hamsi av\u0131n\u0131n \u00e7ok uygun ge\u00e7ti\u011fine, son haftalarda ise epey azald\u0131\u011f\u0131na dikkati \u00e7eken Karadeniz, bu nedenle fiyat\u0131n\u0131n y\u00fcksek oldu\u011funu aktard\u0131.<\/p>\n<p><b>250-300 \u00a0L\u0130RADAN SATI\u015eA SUNULUYOR\u00a0<\/b><\/p>\n<p>Baz\u0131 g\u00fcnlerde hamsinin kilogram\u0131n\u0131n 250-300 liradan sat\u0131\u015fa sunuldu\u011funu s\u00f6z eden Karadeniz, <strong>&#8220;Bize nazaran art\u0131k hamsinin de son vakitleri diyebiliriz. \u015eubat ay\u0131n\u0131n birinci haftas\u0131ndan sonra hamsi av\u0131n\u0131n sonlanaca\u011f\u0131n\u0131 varsay\u0131m ediyoruz&#8221;<\/strong> dedi.<\/p>\n<p>Karadeniz, \u015fubat ay\u0131ndan sonra istavrit av\u0131n\u0131n bolla\u015fabilece\u011fini, emarelerini g\u00f6rebildiklerini kaydetti.<\/p>\n<p>\u00a0<\/p>\n","protected":false},"excerpt":{"rendered":"<p>Ordu&#8217;da hamsi fiyat\u0131 200 liradan sat\u0131l\u0131yor. Kentteki bal\u0131k tezgahlar\u0131nda hamsi ba\u015fta olmak \u00fczere mezgit, istavrit, barbun ve levrek de sat\u0131\u015fa sunuluyor. Per\u015fembe Bal\u0131k\u00e7\u0131lar Kooperatifi Ba\u015fkan\u0131 \u00dcnal Karadeniz, hamsi av\u0131n\u0131n azald\u0131\u011f\u0131n\u0131 ve fiyatlar\u0131n vakit zaman 250-300 liraya kadar y\u00fckseldi\u011fini belirtti. Karadeniz, hamsi av\u0131n\u0131n \u015eubat ay\u0131nda sonlanabilece\u011fini, istavritin ise artabilece\u011fini tabir etti.<\/p>\n","protected":false},"author":1,"featured_media":20640,"comment_status":"open","ping_status":"open","sticky":false,"template":"","format":"standard","meta":{"footnotes":""},"categories":[24],"tags":[1320],"class_list":["post-20639","post","type-post","status-publish","format-standard","has-post-thumbnail","hentry","category-ekonomi","tag-hamsi"],"_links":{"self":[{"href":"https:\/\/ikimisli.tr\/index.php\/wp-json\/wp\/v2\/posts\/20639","targetHints":{"allow":["GET"]}}],"collection":[{"href":"https:\/\/ikimisli.tr\/index.php\/wp-json\/wp\/v2\/posts"}],"about":[{"href":"https:\/\/ikimisli.tr\/index.php\/wp-json\/wp\/v2\/types\/post"}],"author":[{"embeddable":true,"href":"https:\/\/ikimisli.tr\/index.php\/wp-json\/wp\/v2\/users\/1"}],"replies":[{"embeddable":true,"href":"https:\/\/ikimisli.tr\/index.php\/wp-json\/wp\/v2\/comments?post=20639"}],"version-history":[{"count":1,"href":"https:\/\/ikimisli.tr\/index.php\/wp-json\/wp\/v2\/posts\/20639\/revisions"}],"predecessor-version":[{"id":20641,"href":"https:\/\/ikimisli.tr\/index.php\/wp-json\/wp\/v2\/posts\/20639\/revisions\/20641"}],"wp:featuredmedia":[{"embeddable":true,"href":"https:\/\/ikimisli.tr\/index.php\/wp-json\/wp\/v2\/media\/20640"}],"wp:attachment":[{"href":"https:\/\/ikimisli.tr\/index.php\/wp-json\/wp\/v2\/media?parent=20639"}],"wp:term":[{"taxonomy":"category","embeddable":true,"href":"https:\/\/ikimisli.tr\/index.php\/wp-json\/wp\/v2\/categories?post=20639"},{"taxonomy":"post_tag","embeddable":true,"href":"https:\/\/ikimisli.tr\/index.php\/wp-json\/wp\/v2\/tags?post=20639"}],"curies":[{"name":"wp","href":"https:\/\/api.w.org\/{rel}","templated":true}]}}