{"id":20730,"date":"2025-03-31T05:24:06","date_gmt":"2025-03-31T05:24:06","guid":{"rendered":"https:\/\/ikimisli.tr\/?p=20730"},"modified":"2025-03-31T05:24:06","modified_gmt":"2025-03-31T05:24:06","slug":"temde-yol-ayriminda-kaza-1i-agir-4-yarali","status":"publish","type":"post","link":"https:\/\/ikimisli.tr\/index.php\/2025\/03\/31\/temde-yol-ayriminda-kaza-1i-agir-4-yarali\/","title":{"rendered":"TEM\u2019de yol ayr\u0131m\u0131nda kaza: 1\u2019i a\u011f\u0131r, 4 yaral\u0131"},"content":{"rendered":"<p>Kaza, saat 12.00 s\u0131ralar\u0131nda TEM Otoyolu\u2019nun \u0130zmit Bat\u0131 Gi\u015feleri yol ayr\u0131m\u0131nda meydana geldi.<\/p>\n<p>Ankara taraf\u0131na giden \u0130.V.A. idaresindeki araba, \u015fof\u00f6r\u00fcn\u00fcn direksiyon denetimini yitirmesi sonucu yol ayr\u0131m\u0131ndaki bariyere \u00e7arpt\u0131.<\/p>\n<p>Otomobil, yerinden s\u00f6k\u00fclen bariyerin alt\u0131na girdi. Kazada, t\u0131pk\u0131 aileden \u015fof\u00f6r \u0130.V.A. ile yan\u0131ndaki M.A., D.A. ve E.A. yaraland\u0131. Yoldan ge\u00e7en \u00f6b\u00fcr \u015fof\u00f6rlerin 112 Acil Davet Merkezi\u2019ne ihbar\u0131 \u00fczerine b\u00f6lgeye s\u0131hhat, itfaiye ve jandarma gruplar\u0131 sevk edildi. Yaral\u0131lar, s\u0131hhat gruplar\u0131n\u0131n birinci m\u00fcdahalesinin akabinde ambulansla etraf hastanelere kald\u0131r\u0131ld\u0131. Tedaviye al\u0131nan yaral\u0131lardan \u015fof\u00f6r \u0130.V.A.\u2019n\u0131n s\u0131hhat durumunun ciddiyetini korudu\u011fu bildirildi.\u00a0<\/p>\n<p>\u0130tfaiye gruplar\u0131 kaza yapan arabada yang\u0131n ihtimaline kar\u015f\u0131 so\u011futma \u00e7al\u0131\u015fmas\u0131 yapt\u0131. Araban\u0131n kopan kaputunun yol kenar\u0131na savuruldu\u011fu g\u00f6r\u00fcld\u00fc.<\/p>\n<p>Kaza nedeniyle TEM Otoyolu\u2019nun Ankara istikametinde ara\u00e7 yo\u011funlu\u011fu olu\u015ftu. Jandarma tak\u0131mlar\u0131 taraf\u0131ndan denetimli ge\u00e7i\u015fler sa\u011fland\u0131. Kazaya kar\u0131\u015fan araban\u0131n \u00e7ekiciyle kald\u0131r\u0131lmas\u0131n\u0131n akabinde trafik ola\u011fana d\u00f6nd\u00fc.\u00a0<\/p>\n<p>Jandarma, kazaya ait inceleme ba\u015flatt\u0131.<\/p>\n","protected":false},"excerpt":{"rendered":"<p>Kocaeli&#8217;de TEM Otoyolu\u2019nun \u0130zmit Bat\u0131 Gi\u015feleri yol ayr\u0131m\u0131nda bariyere \u00e7arpan arabadaki birebir aileden 1\u2019i a\u011f\u0131r, 4 ki\u015fi yaraland\u0131.<\/p>\n","protected":false},"author":1,"featured_media":20731,"comment_status":"open","ping_status":"open","sticky":false,"template":"","format":"standard","meta":{"footnotes":""},"categories":[25],"tags":[108],"class_list":["post-20730","post","type-post","status-publish","format-standard","has-post-thumbnail","hentry","category-gundem","tag-kaza"],"_links":{"self":[{"href":"https:\/\/ikimisli.tr\/index.php\/wp-json\/wp\/v2\/posts\/20730","targetHints":{"allow":["GET"]}}],"collection":[{"href":"https:\/\/ikimisli.tr\/index.php\/wp-json\/wp\/v2\/posts"}],"about":[{"href":"https:\/\/ikimisli.tr\/index.php\/wp-json\/wp\/v2\/types\/post"}],"author":[{"embeddable":true,"href":"https:\/\/ikimisli.tr\/index.php\/wp-json\/wp\/v2\/users\/1"}],"replies":[{"embeddable":true,"href":"https:\/\/ikimisli.tr\/index.php\/wp-json\/wp\/v2\/comments?post=20730"}],"version-history":[{"count":1,"href":"https:\/\/ikimisli.tr\/index.php\/wp-json\/wp\/v2\/posts\/20730\/revisions"}],"predecessor-version":[{"id":20732,"href":"https:\/\/ikimisli.tr\/index.php\/wp-json\/wp\/v2\/posts\/20730\/revisions\/20732"}],"wp:featuredmedia":[{"embeddable":true,"href":"https:\/\/ikimisli.tr\/index.php\/wp-json\/wp\/v2\/media\/20731"}],"wp:attachment":[{"href":"https:\/\/ikimisli.tr\/index.php\/wp-json\/wp\/v2\/media?parent=20730"}],"wp:term":[{"taxonomy":"category","embeddable":true,"href":"https:\/\/ikimisli.tr\/index.php\/wp-json\/wp\/v2\/categories?post=20730"},{"taxonomy":"post_tag","embeddable":true,"href":"https:\/\/ikimisli.tr\/index.php\/wp-json\/wp\/v2\/tags?post=20730"}],"curies":[{"name":"wp","href":"https:\/\/api.w.org\/{rel}","templated":true}]}}