{"id":20751,"date":"2025-03-31T06:36:08","date_gmt":"2025-03-31T06:36:08","guid":{"rendered":"https:\/\/ikimisli.tr\/?p=20751"},"modified":"2025-03-31T06:36:08","modified_gmt":"2025-03-31T06:36:08","slug":"avrupada-her-10-kisiden-1i-kis-aylarinda-isinma-sorunu-yasiyor","status":"publish","type":"post","link":"https:\/\/ikimisli.tr\/index.php\/2025\/03\/31\/avrupada-her-10-kisiden-1i-kis-aylarinda-isinma-sorunu-yasiyor\/","title":{"rendered":"Avrupa&#8217;da her 10 ki\u015fiden 1&#8217;i k\u0131\u015f aylar\u0131nda \u0131s\u0131nma sorunu ya\u015f\u0131yor"},"content":{"rendered":"<p>2023\u2019te en fazla \u0131s\u0131nma sorunu ya\u015fayan \u00fclkeler \u0130spanya ve Portekiz oldu. Bu \u00fclkelerde n\u00fcfusun y\u00fczde 20,8\u2019i meskenlerini \u0131s\u0131tmakta zahmet \u00e7ekti. Bir evvelki y\u0131l bu oran, \u0130spanya\u2019da y\u00fczde 17,1, Portekiz\u2019de ise y\u00fczde 17,5\u2019ti.\u00a0<\/p>\n<p>T\u00fcrkiye de en fazla zorlanan \u00fclkeler ortas\u0131nda yer al\u0131yor. T\u00fcrkiye\u2019de ise y\u00fczde 19,5\u2019lik bir kesim \u0131s\u0131nma problemiyle kar\u015f\u0131 kar\u015f\u0131ya kald\u0131. Bu oran, 2022\u2019de y\u00fczde 20,4\u2019t\u00fc.<\/p>\n<p><b>D\u0130\u011eER \u00dcLKELER VE KAR\u015eILA\u015eILAN ZORLUKLAR\u00a0<\/b><\/p>\n<p>T\u00fcrkiye\u2019nin kom\u015fusu Bulgaristan\u2019da y\u00fczde 20,7, Litvanya\u2019da ise y\u00fczde 20\u2019lik bir oran \u0131s\u0131nma zorlu\u011fu ya\u015fad\u0131. Almanya&#8217;da ise bu oran y\u00fczde 8,2&#8217;de kal\u0131rken, Fransa&#8217;da y\u00fczde 12,1 olarak \u00f6l\u00e7\u00fcld\u00fc.<\/p>\n<p><b>ISINMA SORUNU AZ OLAN \u00dcLKELER\u00a0<\/b><\/p>\n<p>L\u00fcksemburg, AB\u2019nin en y\u00fcksek taban fiyat\u0131na sahip \u00fclke olarak, 2023\u2019te \u0131s\u0131nma problemini en az ya\u015fayan \u00fclke oldu. Yaln\u0131zca n\u00fcfusunun y\u00fczde 0,5\u2019i konutunu \u0131s\u0131tmakta zorland\u0131. L\u00fcksemburg\u2019u, y\u00fczde 2,1 ile Norve\u00e7 ve Finlandiya, y\u00fczde 3,6 ile Slovenya, y\u00fczde 3,9 ile Avusturya ve y\u00fczde 4,1 ile Estonya izledi.<\/p>\n<p><b>ENERJ\u0130 KR\u0130Z\u0130 VE GLOBAL ETK\u0130LER\u00a0<\/b><\/p>\n<p>Rusya&#8217;n\u0131n do\u011falgaz tedarikindeki k\u0131s\u0131tlamalar ve Ukrayna sava\u015f\u0131, g\u00fc\u00e7 krizini derinle\u015ftirdi. Avrupa, g\u00fc\u00e7 arz\u0131ndaki daralma nedeniyle fiyatlar\u0131n art\u0131\u015f\u0131n\u0131 ve krizi daha fazla hissediyor.\u00a0<\/p>\n<p>Ayr\u0131ca, global tedarik zinciri meseleleri ve alternatif g\u00fc\u00e7 kaynaklar\u0131na eri\u015fim zorluklar\u0131 da AB \u00fclkelerinin g\u00fc\u00e7 krizini s\u00fcrd\u00fcrmelerine neden oldu.<\/p>\n","protected":false},"excerpt":{"rendered":"<p>AB \u0130statistik Ofisi (Eurostat) datalar\u0131na nazaran, 2023 y\u0131l\u0131nda AB n\u00fcfusunun y\u00fczde 10,6\u2019s\u0131 meskenlerini gere\u011fince \u0131s\u0131tam\u0131yor. Bu oran, 2022\u2019ye nazaran 1,3 puanl\u0131k bir art\u0131\u015f g\u00f6sterdi. Is\u0131nma zorlu\u011fu, bilhassa kimi \u00fclkelerde daha bariz hale geldi.<\/p>\n","protected":false},"author":1,"featured_media":20752,"comment_status":"open","ping_status":"open","sticky":false,"template":"","format":"standard","meta":{"footnotes":""},"categories":[24],"tags":[77,3929,2614],"class_list":["post-20751","post","type-post","status-publish","format-standard","has-post-thumbnail","hentry","category-ekonomi","tag-enerji","tag-isinma","tag-ulkeler"],"_links":{"self":[{"href":"https:\/\/ikimisli.tr\/index.php\/wp-json\/wp\/v2\/posts\/20751","targetHints":{"allow":["GET"]}}],"collection":[{"href":"https:\/\/ikimisli.tr\/index.php\/wp-json\/wp\/v2\/posts"}],"about":[{"href":"https:\/\/ikimisli.tr\/index.php\/wp-json\/wp\/v2\/types\/post"}],"author":[{"embeddable":true,"href":"https:\/\/ikimisli.tr\/index.php\/wp-json\/wp\/v2\/users\/1"}],"replies":[{"embeddable":true,"href":"https:\/\/ikimisli.tr\/index.php\/wp-json\/wp\/v2\/comments?post=20751"}],"version-history":[{"count":1,"href":"https:\/\/ikimisli.tr\/index.php\/wp-json\/wp\/v2\/posts\/20751\/revisions"}],"predecessor-version":[{"id":20753,"href":"https:\/\/ikimisli.tr\/index.php\/wp-json\/wp\/v2\/posts\/20751\/revisions\/20753"}],"wp:featuredmedia":[{"embeddable":true,"href":"https:\/\/ikimisli.tr\/index.php\/wp-json\/wp\/v2\/media\/20752"}],"wp:attachment":[{"href":"https:\/\/ikimisli.tr\/index.php\/wp-json\/wp\/v2\/media?parent=20751"}],"wp:term":[{"taxonomy":"category","embeddable":true,"href":"https:\/\/ikimisli.tr\/index.php\/wp-json\/wp\/v2\/categories?post=20751"},{"taxonomy":"post_tag","embeddable":true,"href":"https:\/\/ikimisli.tr\/index.php\/wp-json\/wp\/v2\/tags?post=20751"}],"curies":[{"name":"wp","href":"https:\/\/api.w.org\/{rel}","templated":true}]}}