{"id":20762,"date":"2025-03-31T07:13:44","date_gmt":"2025-03-31T07:13:44","guid":{"rendered":"https:\/\/ikimisli.tr\/?p=20762"},"modified":"2025-03-31T07:13:44","modified_gmt":"2025-03-31T07:13:44","slug":"71-sait-faik-hikaye-armagani-basvurulari-basladi","status":"publish","type":"post","link":"https:\/\/ikimisli.tr\/index.php\/2025\/03\/31\/71-sait-faik-hikaye-armagani-basvurulari-basladi\/","title":{"rendered":"&#8220;71. Sait Faik Hikaye Arma\u011fan\u0131&#8221; ba\u015fvurular\u0131 ba\u015flad\u0131"},"content":{"rendered":"<p>Dar\u00fc\u015f\u015fafaka Cemiyetinden yap\u0131lan a\u00e7\u0131klamaya nazaran, m\u00fcsabakaya kat\u0131lacak muharrirlerin, m\u00fcracaat yapacaklar\u0131 \u00f6yk\u00fc kitab\u0131ndan 15 n\u00fcshay\u0131, 28 \u015eubat&#8217;a kadar Dar\u00fc\u015f\u015fafaka Cemiyetine elden ya da posta yoluyla ula\u015ft\u0131rmas\u0131 gerekiyor. Bu y\u0131l ayr\u0131ca Onursal J\u00fcri Ba\u015fkan\u0131 Do\u011fan H\u0131zlan ad\u0131na &#8220;Do\u011fan H\u0131zlan \u00d6zel \u00d6d\u00fcl\u00fc&#8221; de verilecek.\u00a0<\/p>\n<p>Yar\u0131\u015fmaya kat\u0131lacak \u00f6yk\u00fc kitaplar\u0131n\u0131n 2024 y\u0131l\u0131nda yay\u0131mlanm\u0131\u015f olmas\u0131, rastgele bir \u00f6d\u00fcl almam\u0131\u015f olmas\u0131 ve muharririn daha evvel arma\u011fan\u0131 kazanmam\u0131\u015f olmas\u0131 gerekiyor.<\/p>\n<p>\u00d6n heyet ve heyetin k\u0131ymetlendirme s\u00fcre\u00e7lerinden ge\u00e7ecek m\u00fcracaatlar\u0131n kazanan\u0131, bu y\u0131l may\u0131s ay\u0131nda a\u00e7\u0131klanacak.<\/p>\n<p><b>BU YIL AYRIYETEN DO\u011eAN HIZLAN \u00d6ZEL M\u00dcKAFATI VER\u0130LECEK<\/b><\/p>\n<p>Bu y\u0131l ayr\u0131ca Onursal J\u00fcri Ba\u015fkan\u0131 Do\u011fan H\u0131zlan ad\u0131na &#8220;Do\u011fan H\u0131zlan \u00d6zel \u00d6d\u00fcl\u00fc&#8221; de verilecek. K\u0131sa listeye kalan m\u00fcelliflerden birine takdim edilecek bu \u00f6zel \u00f6d\u00fcl, arma\u011fan\u0131n sonuncu sonucu ile birlikte duyurulacak.<\/p>\n<p>\u00d6n heyette Seray \u015eahinler Demir, Eray Ak ve Ali Bulunmaz&#8217;\u0131n yer ald\u0131\u011f\u0131 yar\u0131\u015f\u0131n heyetinde ise Prof. Dr. Nazan Aksoy, Prof. Seval \u015eahin, yazar Cemil Kavuk\u00e7u, \u0130hsan Y\u0131lmaz, Faruk Duman, Dar\u00fc\u015f\u015fafaka Cemiyeti K\u00fclt\u00fcr\u00fc ve Tarihi Komitesi \u00dcyesi Be\u015fir \u00d6zmen ve T\u00fcrkiye \u0130\u015f Bankas\u0131 Y\u00f6netim Kurulu Lideri Adnan Bali bulunuyor.<\/p>\n<p><b>USTA \u0130S\u0130MLER BU M\u00dcKAFATA LAYIK G\u00d6R\u00dcLD\u00dc<\/b><\/p>\n<p>Bug\u00fcne kadar Haldun Taner, Orhan Kemal, Necati Cumal\u0131, Adalet A\u011fao\u011flu, Ay\u015fe Kulin, Selim \u0130leri, Oya Baydar, P\u0131nar K\u00fcr, Bilge Karasu, Mehmet G\u00fcns\u00fcr, Yekta Kopan, Melisa Kesmez, \u015eermin Ya\u015far ve Ay\u015feg\u00fcl Devecio\u011flu&#8217;nun ortas\u0131nda oldu\u011fu m\u00fcelliflerin kazand\u0131\u011f\u0131 \u00f6d\u00fcl, ge\u00e7en y\u0131l &#8220;Hay&#8221; kitab\u0131yla Barlas \u00d6zar\u0131k\u00e7a&#8217;ya lay\u0131k g\u00f6r\u00fclm\u00fc\u015ft\u00fc.<\/p>\n<p>Yazar\u0131n annesi Makbule Abas\u0131yan\u0131k taraf\u0131ndan 1955 y\u0131l\u0131nda hayata ge\u00e7irilen &#8220;Sait Faik \u00d6yk\u00fc Arma\u011fan\u0131&#8221;, Makbule Han\u0131m&#8217;\u0131n 1964 y\u0131l\u0131ndaki vefat\u0131n\u0131n ard\u0131ndan Dar\u00fc\u015f\u015fafaka Cemiyeti taraf\u0131ndan s\u00fcrd\u00fcr\u00fcl\u00fcyor.<\/p>\n<p>\u00d6d\u00fcl, Makbule Abas\u0131yan\u0131k&#8217;\u0131n vasiyeti do\u011frultusunda her y\u0131l, o y\u0131l i\u00e7inde yaz\u0131lm\u0131\u015f en d\u00fczg\u00fcn hikayeyi se\u00e7erek m\u00fcellife takdim ediliyor<\/p>\n","protected":false},"excerpt":{"rendered":"<p>Dar\u00fc\u015f\u015fafaka Cemiyeti ve T\u00fcrkiye \u0130\u015f Bankas\u0131 K\u00fclt\u00fcr Yay\u0131nlar\u0131 i\u015f birli\u011fiyle, usta muharrir Sait Faik Abas\u0131yan\u0131k&#8217;\u0131n an\u0131s\u0131na, bu y\u0131l 71. defa d\u00fczenlenen &#8220;Sait K\u0131ssa Arma\u011fan\u0131&#8221; m\u00fcracaatlar\u0131 ba\u015flad\u0131.<\/p>\n","protected":false},"author":1,"featured_media":0,"comment_status":"open","ping_status":"open","sticky":false,"template":"","format":"standard","meta":{"footnotes":""},"categories":[26],"tags":[3931,1636,1683,1625],"class_list":["post-20762","post","type-post","status-publish","format-standard","hentry","category-kultur-sanat","tag-dogan-hizlan","tag-juri","tag-odul","tag-yazar"],"_links":{"self":[{"href":"https:\/\/ikimisli.tr\/index.php\/wp-json\/wp\/v2\/posts\/20762","targetHints":{"allow":["GET"]}}],"collection":[{"href":"https:\/\/ikimisli.tr\/index.php\/wp-json\/wp\/v2\/posts"}],"about":[{"href":"https:\/\/ikimisli.tr\/index.php\/wp-json\/wp\/v2\/types\/post"}],"author":[{"embeddable":true,"href":"https:\/\/ikimisli.tr\/index.php\/wp-json\/wp\/v2\/users\/1"}],"replies":[{"embeddable":true,"href":"https:\/\/ikimisli.tr\/index.php\/wp-json\/wp\/v2\/comments?post=20762"}],"version-history":[{"count":1,"href":"https:\/\/ikimisli.tr\/index.php\/wp-json\/wp\/v2\/posts\/20762\/revisions"}],"predecessor-version":[{"id":20763,"href":"https:\/\/ikimisli.tr\/index.php\/wp-json\/wp\/v2\/posts\/20762\/revisions\/20763"}],"wp:attachment":[{"href":"https:\/\/ikimisli.tr\/index.php\/wp-json\/wp\/v2\/media?parent=20762"}],"wp:term":[{"taxonomy":"category","embeddable":true,"href":"https:\/\/ikimisli.tr\/index.php\/wp-json\/wp\/v2\/categories?post=20762"},{"taxonomy":"post_tag","embeddable":true,"href":"https:\/\/ikimisli.tr\/index.php\/wp-json\/wp\/v2\/tags?post=20762"}],"curies":[{"name":"wp","href":"https:\/\/api.w.org\/{rel}","templated":true}]}}