{"id":20782,"date":"2025-03-31T08:24:11","date_gmt":"2025-03-31T08:24:11","guid":{"rendered":"https:\/\/ikimisli.tr\/?p=20782"},"modified":"2025-03-31T08:24:11","modified_gmt":"2025-03-31T08:24:11","slug":"zelenski-dogu-cephesindeki-generali-gorevden-aldi","status":"publish","type":"post","link":"https:\/\/ikimisli.tr\/index.php\/2025\/03\/31\/zelenski-dogu-cephesindeki-generali-gorevden-aldi\/","title":{"rendered":"Zelenski, do\u011fu cephesindeki generali g\u00f6revden ald\u0131"},"content":{"rendered":"<p>Ukrayna Devlet Ba\u015fkan\u0131 Volodimir Zelenski, \u00fclkenin en a\u011f\u0131r \u00e7at\u0131\u015fmalar\u0131n\u0131n ya\u015fand\u0131\u011f\u0131 do\u011fu cephesinin kumandan\u0131n\u0131 misyondan ald\u0131.<\/p>\n<p>Rus g\u00fc\u00e7lerinin b\u00f6lgede stratejik bir kasabay\u0131 ele ge\u00e7irmesinin akabinde Tu\u011fgeneral Andriy Hnatov&#8217;un yerine, kara kuvvetlerinin genel kumandan\u0131 olan T\u00fcmgeneral Mykhailo Drapatyi atand\u0131. Hnatov, yeni vazifesinde askerlerin e\u011fitim ve irtibat\u0131ndan sorumlu olacak.<\/p>\n<p><img decoding=\"async\" src=\"https:\/\/ikimisli.tr\/wp-content\/uploads\/2025\/03\/zelenski-dogu-cephesindeki-generali-gorevden-aldi-0-91e27RJ5.png\"\/><\/p>\n<p><b>KASABAYI KAYBEDEN GENERAL VAZ\u0130FEDEN ALINDI<\/b><\/p>\n<p>Zelenski, Pazar gecesi yapt\u0131\u011f\u0131 g\u00fcnl\u00fck konu\u015fmas\u0131nda, de\u011fi\u015fikli\u011fin maksad\u0131n\u0131n Donetsk b\u00f6lgesindeki birliklerin komuta yap\u0131s\u0131n\u0131 g\u00fc\u00e7lendirmek oldu\u011funu s\u00f6yledi.<\/p>\n<p>Donetsk, 2014&#8217;ten bu yana bir sava\u015f alan\u0131 ve Rusya&#8217;n\u0131n 2022&#8217;deki tam \u00f6l\u00e7ekli i\u015fgalinden bu yana ilhak etti\u011fini tez etti\u011fi d\u00f6rt b\u00f6lgeden biri. B\u00f6lge, bir y\u0131l\u0131 a\u015fk\u0131n m\u00fcddettir \u00e7at\u0131\u015fmalar\u0131n ana oda\u011f\u0131 olmaya devam ediyor.<\/p>\n<p>Ukrayna ordusu Pazartesi g\u00fcn\u00fc, Donetsk b\u00f6lgesindeki Velyka Novosilka kasabas\u0131ndan \u00e7ekildi\u011fini do\u011frulad\u0131.<\/p>\n<p>Rusya, bir g\u00fcn evvel kasabay\u0131 ele ge\u00e7irdi\u011fini a\u00e7\u0131klam\u0131\u015ft\u0131. Ukrayna&#8217;n\u0131n do\u011fu cephesi s\u00f6zc\u00fcs\u00fc Viktor Trehubov, Rus askerlerinin kasabaya girdi\u011fini do\u011frulad\u0131 fakat \u00e7at\u0131\u015fmalar\u0131n hala kasaban\u0131n eteklerinde devam etti\u011fini belirtti.<\/p>\n<p><img decoding=\"async\" src=\"https:\/\/ikimisli.tr\/wp-content\/uploads\/2025\/03\/zelenski-dogu-cephesindeki-generali-gorevden-aldi-1-fxw9aDvW.png\"\/><\/p>\n<p><b>UKRAYNA G\u00dc\u00c7 DURUMDA<\/b><\/p>\n<p>Rusya, bir y\u0131l\u0131 a\u015fk\u0131n m\u00fcddettir do\u011fu Ukrayna\u2019da a\u011f\u0131r kay\u0131plar k\u0131ymetine da olsa yava\u015f ancak istikrarl\u0131 bir bi\u00e7imde ilerliyor.<\/p>\n<p>Buna kar\u015f\u0131l\u0131k Ukrayna, son alt\u0131 ay i\u00e7inde Rusya topraklar\u0131nda bulunan Kursk b\u00f6lgesinde k\u00fc\u00e7\u00fck bir b\u00f6lgeyi ele ge\u00e7irmeyi ba\u015fard\u0131.<\/p>\n<p>Ancak 2023 ortas\u0131nda ger\u00e7ekle\u015fen b\u00fcy\u00fck kar\u015f\u0131 taarruzun ba\u015far\u0131s\u0131z olmas\u0131n\u0131n akabinde, Ukrayna g\u00fc\u00e7leri genelde savunmada kald\u0131. Ukraynal\u0131 analistlere nazaran Rusya, ge\u00e7en y\u0131l yakla\u015f\u0131k 3,000 kilometrekarelik bir alan\u0131 ele ge\u00e7irdi.<\/p>\n<p>Zelenskiy h\u00fck\u00fcmeti, t\u00fckenen insan g\u00fcc\u00fcn\u00fc art\u0131rmak gayesiyle seferberlik ya\u015f\u0131n\u0131 27\u2019den 25\u2019e d\u00fc\u015f\u00fcrd\u00fc ve askere gitmekten ka\u00e7\u0131nanlar i\u00e7in daha sert kurallar getirdi.\u00a0<\/p>\n<p>Trump&#8217;\u0131n Ba\u015fkanl\u0131k koltu\u011funa oturmas\u0131 ve Rusya Devlet Ba\u015fkan\u0131 Vladimir Putin ile gelecek g\u00f6r\u00fc\u015fme davetleri, bir bar\u0131\u015fa yakla\u015f\u0131ld\u0131\u011f\u0131n\u0131 g\u00f6steriyor. Lakin sava\u015f\u0131n, gelecek aylarda da s\u00fcrmesi bekleniyor.<\/p>\n","protected":false},"excerpt":{"rendered":"<p>Ukrayna Devlet Ba\u015fkan\u0131 Volodimir Zelenskiy, Rus g\u00fc\u00e7lerinin Donetsk b\u00f6lgesinde stratejik bir kasabay\u0131 ele ge\u00e7irmesinin akabinde do\u011fu cephesinin kumandan\u0131n\u0131 de\u011fi\u015ftirdi. Yeni atanan T\u00fcmgeneral Mykhailo Drapatyi, b\u00f6lgede daha tesirli bir komuta yap\u0131s\u0131 olu\u015fturmay\u0131 hedefliyor.<\/p>\n","protected":false},"author":1,"featured_media":20783,"comment_status":"open","ping_status":"open","sticky":false,"template":"","format":"standard","meta":{"footnotes":""},"categories":[43],"tags":[282,201],"class_list":["post-20782","post","type-post","status-publish","format-standard","has-post-thumbnail","hentry","category-dunya","tag-rus","tag-ukrayna"],"_links":{"self":[{"href":"https:\/\/ikimisli.tr\/index.php\/wp-json\/wp\/v2\/posts\/20782","targetHints":{"allow":["GET"]}}],"collection":[{"href":"https:\/\/ikimisli.tr\/index.php\/wp-json\/wp\/v2\/posts"}],"about":[{"href":"https:\/\/ikimisli.tr\/index.php\/wp-json\/wp\/v2\/types\/post"}],"author":[{"embeddable":true,"href":"https:\/\/ikimisli.tr\/index.php\/wp-json\/wp\/v2\/users\/1"}],"replies":[{"embeddable":true,"href":"https:\/\/ikimisli.tr\/index.php\/wp-json\/wp\/v2\/comments?post=20782"}],"version-history":[{"count":1,"href":"https:\/\/ikimisli.tr\/index.php\/wp-json\/wp\/v2\/posts\/20782\/revisions"}],"predecessor-version":[{"id":20786,"href":"https:\/\/ikimisli.tr\/index.php\/wp-json\/wp\/v2\/posts\/20782\/revisions\/20786"}],"wp:featuredmedia":[{"embeddable":true,"href":"https:\/\/ikimisli.tr\/index.php\/wp-json\/wp\/v2\/media\/20783"}],"wp:attachment":[{"href":"https:\/\/ikimisli.tr\/index.php\/wp-json\/wp\/v2\/media?parent=20782"}],"wp:term":[{"taxonomy":"category","embeddable":true,"href":"https:\/\/ikimisli.tr\/index.php\/wp-json\/wp\/v2\/categories?post=20782"},{"taxonomy":"post_tag","embeddable":true,"href":"https:\/\/ikimisli.tr\/index.php\/wp-json\/wp\/v2\/tags?post=20782"}],"curies":[{"name":"wp","href":"https:\/\/api.w.org\/{rel}","templated":true}]}}