{"id":20797,"date":"2025-03-31T09:13:51","date_gmt":"2025-03-31T09:13:51","guid":{"rendered":"https:\/\/ikimisli.tr\/?p=20797"},"modified":"2025-03-31T09:13:51","modified_gmt":"2025-03-31T09:13:51","slug":"chpli-barut-emeklinin-ahi-devirecek-sahi","status":"publish","type":"post","link":"https:\/\/ikimisli.tr\/index.php\/2025\/03\/31\/chpli-barut-emeklinin-ahi-devirecek-sahi\/","title":{"rendered":"CHP&#8217;li \u00a0Barut: Emeklinin ah\u0131 devirecek \u015fah\u0131"},"content":{"rendered":"<p>CHP Adana Milletvekili Ayhan Barut, iktidar\u0131n yanl\u0131\u015f siyasetleriyle b\u00fcy\u00fck ma\u011fduriyet ya\u015fayan emeklilerle bulu\u015ftu. \u00c7al\u0131\u015fan\u0131ndan emeklisine toplumun t\u00fcm b\u00f6l\u00fcmlerini ma\u011fdur eden AKP iktidar\u0131n\u0131n se\u00e7im sand\u0131\u011f\u0131nda halka hesap verece\u011fini anlatan Barut, &#8220;Emeklisinden emek\u00e7isine t\u00fcm halk\u0131m\u0131z AKP&#8217;ye hesap soracak. \u0130ktidar ma\u011fdur etti, sand\u0131kta da b\u00fcy\u00fck bir bedel \u00f6deyecekler&#8221; dedi.<\/p>\n<p><b>&#8220;OMUZ OMUZA \u00c7ABA EDECE\u011e\u0130Z&#8221;<\/b><\/p>\n<p>CHP \u00c7ukurova \u0130l\u00e7e Y\u00f6neticileri ile birlikte D\u0130SK Emekli-Sen \u00c7ukurova \u015eubesi&#8217;ne giden CHP Adana Milletvekili Ayhan Barut, burada Akdeniz B\u00f6lge, \u00c7ukurova, Seyhan ve Y\u00fcre\u011fir \u015eube Liderleri, genel merkez y\u00f6neticileri ve sendika \u00fcyesi emeklilerle bulu\u015ftu. Emek ve demokrasi \u00e7abas\u0131ndan emekli olunmayaca\u011f\u0131n\u0131 tabir eden Barut, emeklilerin meseleleri ve taleplerini dinledi, birlikte \u00e7aba i\u00e7in neler yap\u0131lmas\u0131 gerekti\u011fini konu\u015ftu. Emeklilere a\u00e7l\u0131k, yoksulluk ve sefalet dayatmas\u0131na kar\u015f\u0131 omuz omuza \u00e7aba edildi\u011fini aktaran Barut, &#8220;Ya\u015fanan s\u0131k\u0131nt\u0131lar\u0131n her ge\u00e7en g\u00fcn daha da b\u00fcy\u00fcd\u00fc\u011f\u00fc bu \u015fartlarda birlikte \u00e7abay\u0131 b\u00fcy\u00fct\u00fcp, dayan\u0131\u015fmay\u0131 g\u00fc\u00e7lendirip her zahmeti yenece\u011fiz&#8221; diye konu\u015ftu.<\/p>\n<p><img decoding=\"async\" src=\"https:\/\/sozcu01.sozcucdn.com\/sozcu\/production\/uploads\/images\/2025\/1\/ayhan-barut-emekli-bulusma-1jpg-_pRH97xM9EyFr46EId0Klg.JPG\"\/><\/p>\n<p><b>&#8220;HALKIN Y\u00dcZ\u00dc G\u00dcLM\u00dcYOR&#8221;<\/b><\/p>\n<p>\u0130\u015f\u00e7isinden emeklisine toplumun t\u00fcm b\u00f6l\u00fcmlerinin AKP iktidar\u0131 nedeniyle b\u00fcy\u00fck bir ma\u011fduriyet ya\u015fad\u0131\u011f\u0131na dikkat \u00e7eken Ayhan Barut, konu\u015fmas\u0131n\u0131 \u015f\u00f6yle tamamlad\u0131:<\/p>\n<p>-AKP&#8217;nin neden oldu\u011fu s\u0131k\u0131nt\u0131lar y\u00fcz\u00fcnden emeklilerimiz g\u00fcn y\u00fcz\u00fc g\u00f6rm\u00fcyor. Emeklilerimize 15 bin liray\u0131 bile \u00e7ok g\u00f6ren bu zalim anlay\u0131\u015f nedeniyle, al\u0131nan maa\u015flar mesken kiras\u0131n\u0131 bile kar\u015f\u0131lam\u0131yor.<\/p>\n<p>-Elektri\u011finden \u0131s\u0131nmas\u0131na, pazar al\u0131\u015fveri\u015finden besin harcamas\u0131na emeklilerimiz bu maa\u015flarla ne yapaca\u011f\u0131n\u0131 bilemez hale getirildi. \u00c7ok art\u0131r\u0131mlar, y\u00fcksek enflasyon ve artan hayat pahal\u0131l\u0131\u011f\u0131 ile iktidar b\u00fct\u00fcn yanl\u0131\u015flar\u0131n bedelini emekliye, personele, i\u015f\u00e7iye, esnafa, \u00e7ift\u00e7iye ve taban \u00fccretliye kesiyor. Lakin kimsenin ku\u015fkusu olmas\u0131n AKP iktidar\u0131 sand\u0131kta bunlar\u0131n bedelini \u00f6deyecek.<\/p>\n<p>-Bug\u00fcn \u00fclkemizde ne emek\u00e7inin, ne \u00e7ift\u00e7inin, ne esnaf\u0131n, ne de emeklinin y\u00fcz\u00fc g\u00fclm\u00fcyor, herkes kan a\u011fl\u0131yor. Sand\u0131kta da onlar\u0131n y\u00fcz\u00fc g\u00fclmeyecek, toplumumuzun t\u00fcm kesitleri rahat bir nefes alacak.<\/p>\n","protected":false},"excerpt":{"rendered":"<p>CHP&#8217;li Ayhan Barut, Adana&#8217;da emeklilerle bulu\u015ftu, \u00e7al\u0131\u015fan\u0131ndan emeklisine toplumun t\u00fcm b\u00f6l\u00fcmlerini ma\u011fdur eden AKP iktidar\u0131n\u0131n se\u00e7im sand\u0131\u011f\u0131nda halka hesap verece\u011fini, b\u00fcy\u00fck bir bedel \u00f6deyece\u011fini s\u00f6yledi.<\/p>\n","protected":false},"author":1,"featured_media":20798,"comment_status":"open","ping_status":"open","sticky":false,"template":"","format":"standard","meta":{"footnotes":""},"categories":[25],"tags":[2645,1462,1013,1760,3934],"class_list":["post-20797","post","type-post","status-publish","format-standard","has-post-thumbnail","hentry","category-gundem","tag-barut","tag-emek","tag-iktidar","tag-mucadele","tag-yuzu"],"_links":{"self":[{"href":"https:\/\/ikimisli.tr\/index.php\/wp-json\/wp\/v2\/posts\/20797","targetHints":{"allow":["GET"]}}],"collection":[{"href":"https:\/\/ikimisli.tr\/index.php\/wp-json\/wp\/v2\/posts"}],"about":[{"href":"https:\/\/ikimisli.tr\/index.php\/wp-json\/wp\/v2\/types\/post"}],"author":[{"embeddable":true,"href":"https:\/\/ikimisli.tr\/index.php\/wp-json\/wp\/v2\/users\/1"}],"replies":[{"embeddable":true,"href":"https:\/\/ikimisli.tr\/index.php\/wp-json\/wp\/v2\/comments?post=20797"}],"version-history":[{"count":1,"href":"https:\/\/ikimisli.tr\/index.php\/wp-json\/wp\/v2\/posts\/20797\/revisions"}],"predecessor-version":[{"id":20799,"href":"https:\/\/ikimisli.tr\/index.php\/wp-json\/wp\/v2\/posts\/20797\/revisions\/20799"}],"wp:featuredmedia":[{"embeddable":true,"href":"https:\/\/ikimisli.tr\/index.php\/wp-json\/wp\/v2\/media\/20798"}],"wp:attachment":[{"href":"https:\/\/ikimisli.tr\/index.php\/wp-json\/wp\/v2\/media?parent=20797"}],"wp:term":[{"taxonomy":"category","embeddable":true,"href":"https:\/\/ikimisli.tr\/index.php\/wp-json\/wp\/v2\/categories?post=20797"},{"taxonomy":"post_tag","embeddable":true,"href":"https:\/\/ikimisli.tr\/index.php\/wp-json\/wp\/v2\/tags?post=20797"}],"curies":[{"name":"wp","href":"https:\/\/api.w.org\/{rel}","templated":true}]}}