{"id":20825,"date":"2025-03-31T10:48:12","date_gmt":"2025-03-31T10:48:12","guid":{"rendered":"https:\/\/ikimisli.tr\/?p=20825"},"modified":"2025-03-31T10:48:12","modified_gmt":"2025-03-31T10:48:12","slug":"baykar-italyan-devini-satin-almak-icin-sozlesme-imzaladi","status":"publish","type":"post","link":"https:\/\/ikimisli.tr\/index.php\/2025\/03\/31\/baykar-italyan-devini-satin-almak-icin-sozlesme-imzaladi\/","title":{"rendered":"Baykar, \u0130talyan devini sat\u0131n almak i\u00e7in s\u00f6zle\u015fme imzalad\u0131"},"content":{"rendered":"<div>\n<p>\u0130talya \u0130\u015fletmeler ve Made in Italy Bakanl\u0131\u011f\u0131, \u00fclkenin havac\u0131l\u0131k devi firmas\u0131 Piaggio Aerospace&#8217;in Baykar&#8217;a sat\u0131\u015f\u0131na ge\u00e7en ay onay vermi\u015fti. Baykar, \u00e7eki\u015fmeli bir s\u00fcrece sahne olan ihaleyi farkl\u0131 \u00fclkelerden teklif veren rakiplerini geride b\u0131rakarak kazanm\u0131\u015ft\u0131.<\/p>\n<p>Bu kapsamda Baykar ve Piaggio Aerospace ortas\u0131nda, \u0130talyan havac\u0131l\u0131k devinin i\u015f komplekslerinin Baykar&#8217;a b\u00f6l\u00fcm\u00fc i\u00e7in \u00f6n mukavele imzaland\u0131.<\/p>\n<p>Piaggio Aerospace&#8217;den yap\u0131lan a\u00e7\u0131klamada, marka alt\u0131nda faaliyet g\u00f6steren Piaggio Aero Industries ve Piaggio Aviation&#8217;\u0131n i\u015f komplekslerinin, insans\u0131z hava arac\u0131 sistemleri ve ileri havac\u0131l\u0131k teknolojilerinin geli\u015ftirilmesi ve \u00fcretiminde ba\u015fkan olan T\u00fcrk \u015firketi Baykar&#8217;a devran\u0131 i\u00e7in \u00f6n mukavele imzaland\u0131\u011f\u0131 belirtildi.<\/p>\n<p>\u0130talyan \u0130\u015fletmeler ve Made in Italy Bakanl\u0131\u011f\u0131n\u0131n 27 Aral\u0131k 2024&#8217;te s\u00fcreci onaylad\u0131\u011f\u0131 aktar\u0131lan a\u00e7\u0131klamada, mutabakat\u0131n iki \u015firketin \u00fcst seviye yetkilileri taraf\u0131ndan imzaland\u0131\u011f\u0131 s\u00f6z edildi.<\/p>\n<p>Devrin, \u0130talya Bakanlar Kurulu Ba\u015fkanl\u0131\u011f\u0131n\u0131n onay\u0131 da dahil olmak \u00fczere \u00e7e\u015fitli \u015fartlar\u0131n yerine getirilmesinin akabinde baharda tamamlanmas\u0131n\u0131n beklendi\u011fi belirtildi.<\/p>\n<p>A\u00e7\u0131klamada ayr\u0131yeten, Baykar&#8217;\u0131n i\u015f komplekslerinin tekrar hayata ge\u00e7irilmesine y\u00f6nelik plan\u0131n\u0131 sunaca\u011f\u0131, sendika temsilclerinin de kat\u0131laca\u011f\u0131 bir isti\u015fare toplant\u0131s\u0131n\u0131n gelecek haftalarda yap\u0131lmas\u0131n\u0131n planland\u0131\u011f\u0131 belirtildi.<\/p>\n<\/p><\/div>\n<div>\n<div>\u00a0<\/div>\n<\/p><\/div>\n","protected":false},"excerpt":{"rendered":"<p>Baykar ve Piaggio Aerospace ortas\u0131nda, \u0130talyan havac\u0131l\u0131k devinin i\u015f komplekslerinin Baykar&#8217;a periyodu i\u00e7in \u00f6n kontrat imzalad\u0131.<\/p>\n","protected":false},"author":1,"featured_media":20826,"comment_status":"open","ping_status":"open","sticky":false,"template":"","format":"standard","meta":{"footnotes":""},"categories":[25],"tags":[3731,524,3936],"class_list":["post-20825","post","type-post","status-publish","format-standard","has-post-thumbnail","hentry","category-gundem","tag-baykar","tag-is","tag-piaggio"],"_links":{"self":[{"href":"https:\/\/ikimisli.tr\/index.php\/wp-json\/wp\/v2\/posts\/20825","targetHints":{"allow":["GET"]}}],"collection":[{"href":"https:\/\/ikimisli.tr\/index.php\/wp-json\/wp\/v2\/posts"}],"about":[{"href":"https:\/\/ikimisli.tr\/index.php\/wp-json\/wp\/v2\/types\/post"}],"author":[{"embeddable":true,"href":"https:\/\/ikimisli.tr\/index.php\/wp-json\/wp\/v2\/users\/1"}],"replies":[{"embeddable":true,"href":"https:\/\/ikimisli.tr\/index.php\/wp-json\/wp\/v2\/comments?post=20825"}],"version-history":[{"count":1,"href":"https:\/\/ikimisli.tr\/index.php\/wp-json\/wp\/v2\/posts\/20825\/revisions"}],"predecessor-version":[{"id":20827,"href":"https:\/\/ikimisli.tr\/index.php\/wp-json\/wp\/v2\/posts\/20825\/revisions\/20827"}],"wp:featuredmedia":[{"embeddable":true,"href":"https:\/\/ikimisli.tr\/index.php\/wp-json\/wp\/v2\/media\/20826"}],"wp:attachment":[{"href":"https:\/\/ikimisli.tr\/index.php\/wp-json\/wp\/v2\/media?parent=20825"}],"wp:term":[{"taxonomy":"category","embeddable":true,"href":"https:\/\/ikimisli.tr\/index.php\/wp-json\/wp\/v2\/categories?post=20825"},{"taxonomy":"post_tag","embeddable":true,"href":"https:\/\/ikimisli.tr\/index.php\/wp-json\/wp\/v2\/tags?post=20825"}],"curies":[{"name":"wp","href":"https:\/\/api.w.org\/{rel}","templated":true}]}}