{"id":20925,"date":"2025-03-31T16:36:10","date_gmt":"2025-03-31T16:36:10","guid":{"rendered":"https:\/\/ikimisli.tr\/?p=20925"},"modified":"2025-03-31T16:36:10","modified_gmt":"2025-03-31T16:36:10","slug":"edirnede-vahset-yavru-kopekleri-posetle-cope-birakan-iki-kisi-serbest-kaldi","status":"publish","type":"post","link":"https:\/\/ikimisli.tr\/index.php\/2025\/03\/31\/edirnede-vahset-yavru-kopekleri-posetle-cope-birakan-iki-kisi-serbest-kaldi\/","title":{"rendered":"Edirne&#8217;de vah\u015fet! Yavru k\u00f6pekleri po\u015fetle \u00e7\u00f6pe b\u0131rakan iki ki\u015fi serbest kald\u0131"},"content":{"rendered":"<p>Edirne&#8217;nin \u0130stasyon Mahallesi&#8217;nde bulunan bir bar\u0131na\u011f\u0131n yak\u0131n\u0131ndaki \u00e7\u00f6p konteynerine po\u015fet i\u00e7erisinde b\u0131rak\u0131lan k\u00f6pek yavrular\u0131, hayvanseverler taraf\u0131ndan fark edilerek toplumsal medyada geni\u015f yank\u0131 uyand\u0131rd\u0131. \u0130hbar \u00fczerine, \u0130l\u00e7e Jandarma Komutanl\u0131\u011f\u0131 gruplar\u0131 ve Tabiat ve Hayvanlar\u0131 M\u00fcdafaa Timi (HAYD\u0130) b\u00f6lgeye sevk edildi.<\/p>\n<p><img decoding=\"async\" src=\"https:\/\/ikimisli.tr\/wp-content\/uploads\/2025\/03\/edirnede-vahset-yavru-kopekleri-posetle-cope-birakan-iki-kisi-serbest-kaldi-0-duXfwdEy.jpg\"\/><\/p>\n<p><b>VAH\u015e\u0130 SALDIRGANLAR H\u00dcR KALDI<\/b><\/p>\n<p>Olayla ilgili olarak bar\u0131nakta vazifeli \u015e.K. ve E.A. jandarma tak\u0131mlar\u0131nca g\u00f6zalt\u0131na al\u0131nd\u0131. Jandarmadaki s\u00fcre\u00e7lerinin akabinde adliyeye sevk edilen \u015f\u00fcpheliler, \u00e7\u0131kar\u0131ld\u0131klar\u0131 hakimlik\u00e7e isimli denetim ko\u015fuluyla \u00f6zg\u00fcr b\u0131rak\u0131ld\u0131.<\/p>\n<p>Edirne Belediye Ba\u015fkan\u0131 Filiz Gencan Ak\u0131n ve Belediye Lider Yard\u0131mc\u0131s\u0131 Ertu\u011frul Tanr\u0131kulu, olay\u0131n akabinde bar\u0131na\u011fa giderek incelemelerde bulundu. Ayr\u0131yeten, hayvansever derneklerinin temsilcileriyle g\u00f6r\u00fc\u015ferek taleplerini dinlediler.<\/p>\n<p><img decoding=\"async\" src=\"https:\/\/ikimisli.tr\/wp-content\/uploads\/2025\/03\/edirnede-vahset-yavru-kopekleri-posetle-cope-birakan-iki-kisi-serbest-kaldi-1-4juLPMH4.jpg\"\/><\/p>\n<p><b>G\u00d6REVDEN ALINDILAR<\/b><\/p>\n<p>\u00c7\u00f6p konteynerine at\u0131lan yavrular, 22 Dost Eli Derne\u011fi taraf\u0131ndan al\u0131n\u0131p tedavi i\u00e7in veterinere g\u00f6t\u00fcr\u00fcl\u00fcrken, belediye taraf\u0131ndan ba\u015flat\u0131lan soru\u015fturma do\u011frultusunda bar\u0131nak \u00e7al\u0131\u015fan\u0131 misyondan el \u00e7ektirildi. Olayla ilgili soru\u015fturman\u0131n devam etti\u011fi bildirildi.<\/p>\n","protected":false},"excerpt":{"rendered":"<p>Edirne bir skandal ya\u015fand\u0131. Hayvan bar\u0131na\u011f\u0131ndaki iki yavru k\u00f6pe\u011fi po\u015fet i\u00e7erisinde \u00e7\u00f6p konteynerine b\u0131rakan bar\u0131nak vazifelisi \u015e.K. ve E.A. isimli denetimle \u00f6zg\u00fcr b\u0131rak\u0131ld\u0131<\/p>\n","protected":false},"author":1,"featured_media":20926,"comment_status":"open","ping_status":"open","sticky":false,"template":"","format":"standard","meta":{"footnotes":""},"categories":[25],"tags":[],"class_list":["post-20925","post","type-post","status-publish","format-standard","has-post-thumbnail","hentry","category-gundem"],"_links":{"self":[{"href":"https:\/\/ikimisli.tr\/index.php\/wp-json\/wp\/v2\/posts\/20925","targetHints":{"allow":["GET"]}}],"collection":[{"href":"https:\/\/ikimisli.tr\/index.php\/wp-json\/wp\/v2\/posts"}],"about":[{"href":"https:\/\/ikimisli.tr\/index.php\/wp-json\/wp\/v2\/types\/post"}],"author":[{"embeddable":true,"href":"https:\/\/ikimisli.tr\/index.php\/wp-json\/wp\/v2\/users\/1"}],"replies":[{"embeddable":true,"href":"https:\/\/ikimisli.tr\/index.php\/wp-json\/wp\/v2\/comments?post=20925"}],"version-history":[{"count":1,"href":"https:\/\/ikimisli.tr\/index.php\/wp-json\/wp\/v2\/posts\/20925\/revisions"}],"predecessor-version":[{"id":20929,"href":"https:\/\/ikimisli.tr\/index.php\/wp-json\/wp\/v2\/posts\/20925\/revisions\/20929"}],"wp:featuredmedia":[{"embeddable":true,"href":"https:\/\/ikimisli.tr\/index.php\/wp-json\/wp\/v2\/media\/20926"}],"wp:attachment":[{"href":"https:\/\/ikimisli.tr\/index.php\/wp-json\/wp\/v2\/media?parent=20925"}],"wp:term":[{"taxonomy":"category","embeddable":true,"href":"https:\/\/ikimisli.tr\/index.php\/wp-json\/wp\/v2\/categories?post=20925"},{"taxonomy":"post_tag","embeddable":true,"href":"https:\/\/ikimisli.tr\/index.php\/wp-json\/wp\/v2\/tags?post=20925"}],"curies":[{"name":"wp","href":"https:\/\/api.w.org\/{rel}","templated":true}]}}