{"id":21451,"date":"2025-04-01T21:24:06","date_gmt":"2025-04-01T21:24:06","guid":{"rendered":"https:\/\/ikimisli.tr\/?p=21451"},"modified":"2025-04-01T21:24:06","modified_gmt":"2025-04-01T21:24:06","slug":"moodys-acikladi-soz-fitchte-turkiyenin-kredi-notu-karari-ne-olacak","status":"publish","type":"post","link":"https:\/\/ikimisli.tr\/index.php\/2025\/04\/01\/moodys-acikladi-soz-fitchte-turkiyenin-kredi-notu-karari-ne-olacak\/","title":{"rendered":"Moody&#8217;s a\u00e7\u0131klad\u0131 s\u00f6z Fitch&#8217;te : T\u00fcrkiye&#8217;nin kredi notu karar\u0131 ne olacak?"},"content":{"rendered":"<p>Uluslararas\u0131 kredi derecelendirme kurulu\u015fu Fitch Ratings&#8217;in 31 Ocak Cuma gecesi a\u00e7\u0131klanmas\u0131 beklenen T\u00fcrkiye de\u011ferlendirmesine y\u00f6nelik analist varsay\u0131mlar\u0131 a\u00e7\u0131kland\u0131.<\/p>\n<p>Foreks Haber taraf\u0131ndan 19 analistin i\u015ftirakiyle yap\u0131lan ankete nazaran, Fitch&#8217;in T\u00fcrkiye&#8217;nin kredi notunu mevcut d\u00fczeyde, yani &#8216;BB-&#8216; olarak koruyaca\u011f\u0131na y\u00f6nelik geni\u015f bir g\u00f6r\u00fc\u015f birli\u011fi yer al\u0131yor.<\/p>\n<p>Yap\u0131lan ankette, i\u015ftirak\u00e7ilerden 11&#8217;i T\u00fcrkiye&#8217;nin kredi notu g\u00f6r\u00fcn\u00fcm\u00fcn\u00fcn &#8220;dura\u011fan&#8221; kalaca\u011f\u0131n\u0131 belirtirken 8 analist g\u00f6r\u00fcn\u00fcm\u00fcn &#8220;dura\u011fan&#8221;dan &#8220;pozitif&#8221;e y\u00fckseltilece\u011fi beklentisini s\u00f6z etti. \u0130\u015ftirak\u00e7iler ortas\u0131nda T\u00fcrkiye&#8217;nin \u00f6nde gelen bankalar\u0131 ve arac\u0131 kurumlar\u0131ndan isimler bulunuyor.<\/p>\n<p>Fitch, en son 6 Eyl\u00fcl 2024&#8217;te T\u00fcrkiye&#8217;nin kredi notunu &#8220;B+&#8221;dan &#8220;BB-&#8220;ye y\u00fckseltirken, g\u00f6r\u00fcn\u00fcm\u00fcn\u00fc &#8220;pozitif&#8221;ten &#8220;dura\u011fan&#8221;a revize etmi\u015fti. Bu karar, T\u00fcrkiye&#8217;nin ekonomik g\u00f6stergelerinde ya\u015fanan g\u00fczelle\u015fmenin kredi notuna yans\u0131t\u0131lmas\u0131 lakin g\u00f6r\u00fcn\u00fcm\u00fcn s\u00fcrd\u00fcr\u00fclebilirli\u011fine ait temkinli bir yakla\u015f\u0131m\u0131 ortaya koymu\u015ftu.<\/p>\n<p><b>MOODY&#8217;S NE YAPMI\u015eTI<\/b><\/p>\n<p>Moody\u2019s, 25 Ocak&#8217;ta yapt\u0131\u011f\u0131 a\u00e7\u0131klamada beklentilerin tersine T\u00fcrkiye&#8217;nin kredi notunda bir g\u00fcncelleme yapmad\u0131\u011f\u0131n\u0131 ve periyodik de\u011ferlendirmesini tamamlad\u0131\u011f\u0131n\u0131 belirtmi\u015fti.<\/p>\n<p>T\u00fcrkiye iktisad\u0131n\u0131n g\u00fc\u00e7l\u00fc ve \u00e7e\u015fitlendirilmi\u015f yap\u0131s\u0131na dikkat \u00e7ekerek, para siyasetlerinin enflasyonla \u00e7abada ba\u015far\u0131l\u0131 sonu\u00e7lar verdi\u011fini s\u00f6yleyen Moody&#8217;s, iktisattaki istikrar\u0131n korunmas\u0131 durumunda kredi notunun artabilece\u011fini de a\u00e7\u0131klam\u0131\u015ft\u0131<\/p>\n","protected":false},"excerpt":{"rendered":"<p>Moody&#8217;s ge\u00e7ti\u011fimiz g\u00fcn T\u00fcrkiye i\u00e7in a\u00e7\u0131klad\u0131\u011f\u0131 kredi notu karar\u0131 sonras\u0131nda art\u0131k de g\u00f6zler Fitch Ratings&#8217;e \u00e7evrildi. Ekonomistlerin Fitch&#8217;in kredi notu karar\u0131na ait beklentileri merak konusu olurken, Foreks Haberi&#8217;in hususa ait anketi sonu\u00e7land\u0131.\u0130\u015fte beklenti&#8230;<\/p>\n","protected":false},"author":1,"featured_media":21452,"comment_status":"open","ping_status":"open","sticky":false,"template":"","format":"standard","meta":{"footnotes":""},"categories":[24],"tags":[3695,113],"class_list":["post-21451","post","type-post","status-publish","format-standard","has-post-thumbnail","hentry","category-ekonomi","tag-kredi-notu","tag-turkiye"],"_links":{"self":[{"href":"https:\/\/ikimisli.tr\/index.php\/wp-json\/wp\/v2\/posts\/21451","targetHints":{"allow":["GET"]}}],"collection":[{"href":"https:\/\/ikimisli.tr\/index.php\/wp-json\/wp\/v2\/posts"}],"about":[{"href":"https:\/\/ikimisli.tr\/index.php\/wp-json\/wp\/v2\/types\/post"}],"author":[{"embeddable":true,"href":"https:\/\/ikimisli.tr\/index.php\/wp-json\/wp\/v2\/users\/1"}],"replies":[{"embeddable":true,"href":"https:\/\/ikimisli.tr\/index.php\/wp-json\/wp\/v2\/comments?post=21451"}],"version-history":[{"count":1,"href":"https:\/\/ikimisli.tr\/index.php\/wp-json\/wp\/v2\/posts\/21451\/revisions"}],"predecessor-version":[{"id":21453,"href":"https:\/\/ikimisli.tr\/index.php\/wp-json\/wp\/v2\/posts\/21451\/revisions\/21453"}],"wp:featuredmedia":[{"embeddable":true,"href":"https:\/\/ikimisli.tr\/index.php\/wp-json\/wp\/v2\/media\/21452"}],"wp:attachment":[{"href":"https:\/\/ikimisli.tr\/index.php\/wp-json\/wp\/v2\/media?parent=21451"}],"wp:term":[{"taxonomy":"category","embeddable":true,"href":"https:\/\/ikimisli.tr\/index.php\/wp-json\/wp\/v2\/categories?post=21451"},{"taxonomy":"post_tag","embeddable":true,"href":"https:\/\/ikimisli.tr\/index.php\/wp-json\/wp\/v2\/tags?post=21451"}],"curies":[{"name":"wp","href":"https:\/\/api.w.org\/{rel}","templated":true}]}}