{"id":21507,"date":"2025-04-02T00:24:08","date_gmt":"2025-04-02T00:24:08","guid":{"rendered":"https:\/\/ikimisli.tr\/?p=21507"},"modified":"2025-04-02T00:24:08","modified_gmt":"2025-04-02T00:24:08","slug":"bu-anket-cok-konusulacak-erdogan-ilk-kez-akpnin-gerisinde-kaldi","status":"publish","type":"post","link":"https:\/\/ikimisli.tr\/index.php\/2025\/04\/02\/bu-anket-cok-konusulacak-erdogan-ilk-kez-akpnin-gerisinde-kaldi\/","title":{"rendered":"Bu anket \u00e7ok konu\u015fulacak: Erdo\u011fan ilk kez AKP&#8217;nin gerisinde kald\u0131!"},"content":{"rendered":"<p>AREA Ara\u015ft\u0131rma&#8217;n\u0131n 22-24 Ocak 2025 tarihleri ortas\u0131nda 26 vilayette 18 ya\u015f ve \u00fczeri toplam 2 bin 22 ki\u015fi ile yap\u0131lan ankette yurtta\u015flara, &#8216;Cumhurba\u015fkanl\u0131\u011f\u0131 H\u00fck\u00fcmet Sistemi&#8217;ni ba\u015far\u0131l\u0131 bulup bulmad\u0131klar\u0131&#8217;, &#8216;CHP&#8217;li belediyelere yap\u0131lan operasyonlar&#8217; ve &#8216;iktidar\u0131n iktisat politikalar\u0131&#8217; \u00fczere \u00e7ok say\u0131da soru y\u00f6neltildi.<\/p>\n<p>Ankette y\u00f6neltilen sorulara kar\u015f\u0131l\u0131k vatanda\u015flar dikkat \u00e7eken cevaplar verdi.<\/p>\n<p><strong>\u0130\u015fte o kar\u015f\u0131l\u0131klar&#8230;<\/strong><\/p>\n<p><b>CUMHURBA\u015eKANLI\u011eI H\u00dcK\u00dcMET S\u0130STEM\u0130 BA\u015eARILI BULUNMUYOR<\/b><\/p>\n<p>&#8220;&#8216;Cumhurba\u015fkanl\u0131\u011f\u0131 H\u00fck\u00fcmet Sistemi&#8217;ni ba\u015far\u0131l\u0131 buluyor musunuz?&#8221; sorusuna vatanda\u015flar\u0131n kar\u015f\u0131l\u0131\u011f\u0131 &#8216;olumsuz&#8217; oldu. Sistemi \u201cBa\u015far\u0131l\u0131\u201d bulanlar\u0131n oran\u0131 y\u00fczde 36,2, \u201cba\u015far\u0131s\u0131z\u201d bulanlar\u0131n oran\u0131 ise \u00a0y\u00fczde 60,1 olurken fikir belirtmeyenlerin oran\u0131 ise y\u00fczde 3,7.<\/p>\n<p><img decoding=\"async\" src=\"https:\/\/ikimisli.tr\/wp-content\/uploads\/2025\/04\/bu-anket-cok-konusulacak-erdogan-ilk-kez-akpnin-gerisinde-kaldi-0-lUnuDfFF.jpg\"\/><\/p>\n<p><b>ERDO\u011eAN&#8217;IN TEKRAR ADAYLI\u011eI<\/b><\/p>\n<p>Vatanda\u015flar\u201cAnayasa&#8217;da bulunan &#8216;yaln\u0131zca 2 devir cumhurba\u015fkan\u0131 se\u00e7ilme kural\u0131&#8217; Recep Tayyip Erdo\u011fan\u2019\u0131n tekrar aday olabilmesi i\u00e7in de\u011fi\u015ftirilmeli midir?&#8221; sorusuna ise, y\u00fczde 65,3 ile &#8216;hay\u0131r&#8217; kar\u015f\u0131l\u0131\u011f\u0131 verdi. Erdo\u011fan\u2019\u0131n tekrar aday olabilmesi i\u00e7in Anayasan\u0131n de\u011fi\u015ftirilmesi gerekti\u011fini belirtenlerin oran\u0131 y\u00fczde 29,7, Fikir belirtmeyenlerin oran\u0131 ise y\u00fczde 5,0 oldu.<\/p>\n<p><img decoding=\"async\" src=\"https:\/\/ikimisli.tr\/wp-content\/uploads\/2025\/04\/bu-anket-cok-konusulacak-erdogan-ilk-kez-akpnin-gerisinde-kaldi-1-JsNNd79Y.jpg\"\/><\/p>\n<p><b>VATANDA\u015eIN &#8216;ERDO\u011eAN&#8217; KANAAT\u0130 OLUMSUZ<\/b><\/p>\n<p>Vatanda\u015flar\u0131n &#8220;Recep Tayyip Erdo\u011fan ile ilgili genel olarak kanaatiniz nedir?&#8221; sorusuna verdikleri cevap da dikkat \u00e7ekti. Recep Tayyip Erdo\u011fan ile ilgili genel olarak kanaati \u201columlu\u201d olanlar\u0131n oran\u0131 y\u00fczde 42,2, \u201columsuz\u201d olanlar\u0131n oran\u0131 y\u00fczde 54,6 iken fikir belirtmeyenlerin oran\u0131 ise y\u00fczde 3,2 oldu.<\/p>\n<p>Kamuoyu ara\u015ft\u0131rmalar\u0131nda her vakit AKP&#8217;nin \u00f6n\u00fcnde seyreden Erdo\u011fan&#8217;\u0131n partisi birinci parti pozisyonundayken; kendisi i\u00e7in olumsuz kanaat bildirildi\u011fi g\u00f6r\u00fcld\u00fc.\u00a0<\/p>\n<p><strong>\u0130\u015fte o sonu\u00e7:<\/strong><\/p>\n<p><img decoding=\"async\" src=\"https:\/\/ikimisli.tr\/wp-content\/uploads\/2025\/04\/bu-anket-cok-konusulacak-erdogan-ilk-kez-akpnin-gerisinde-kaldi-2-E6ewkm1D.jpg\"\/><\/p>\n<p><b>AKP AZ FARKLA B\u0130R\u0130NC\u0130<\/b><\/p>\n<p>Ara\u015ft\u0131rmada ayr\u0131yeten kat\u0131l\u0131mc\u0131lara &#8220;Bug\u00fcn milletvekili se\u00e7imi olsa hangi partiye oy verirsiniz?&#8221; sorusu da y\u00f6neltildi.<\/p>\n<p>&#8220;Toplam se\u00e7men \u00fczerinden da\u011f\u0131l\u0131m&#8221; yap\u0131ld\u0131\u011f\u0131nda AKP y\u00fczde 22.9 puan ile birinci s\u0131rada, CHP y\u00fczde 22.7 puan ile ikinci s\u0131rada yer ald\u0131.<br \/>MHP&#8217;nin puan\u0131 y\u00fczde 7.4, DEM Parti&#8217;nin y\u00fczde 6.3, Zafer Partisi&#8217;nin y\u00fczde 5.9, UYGUN Parti&#8217;nin y\u00fczde 5.5, Tekrar Refah Partisi&#8217;nin y\u00fczde 2.5 puana ula\u015ft\u0131\u011f\u0131 g\u00f6r\u00fcld\u00fc.<\/p>\n<p>&#8220;Ge\u00e7erli oylar \u00fczerinden da\u011f\u0131l\u0131m&#8221; yap\u0131ld\u0131\u011f\u0131nda ise, AKP&#8217;nin puan\u0131 y\u00fczde 29.3, CHP&#8217;nin puan\u0131 ise y\u00fczde 29.1 oldu.<\/p>\n<p><strong>Di\u011fer partilerin oyu \u015fu formda:<\/strong><\/p>\n<p>MHP: Y\u00fczde 9.5<\/p>\n<p>DEM Parti: Y\u00fczde 8.1<\/p>\n<p>Zafer Partisi: Y\u00fczde 7.6<\/p>\n<p>\u0130Y\u0130 Parti: Y\u00fczde 7<\/p>\n<p>Yeniden Refah Partisi: Y\u00fczde 3.2<\/p>\n<p><img decoding=\"async\" src=\"https:\/\/ikimisli.tr\/wp-content\/uploads\/2025\/04\/bu-anket-cok-konusulacak-erdogan-ilk-kez-akpnin-gerisinde-kaldi-3-W8h3A3f2.jpg\"\/><\/p>\n","protected":false},"excerpt":{"rendered":"<p>AREA Ara\u015ft\u0131rma&#8217;n\u0131n 22-24 Ocak&#8217;ta yapt\u0131\u011f\u0131 anket sonu\u00e7lar\u0131 kamuoyu ile payla\u015f\u0131l\u0131rken birinci sefer Cumhurba\u015fkan\u0131 ve AKP Genel Ba\u015fkan\u0131 Recep Tayyip Erdo\u011fan&#8217;\u0131n AKP&#8217;nin gerisinde kald\u0131\u011f\u0131 g\u00f6r\u00fcld\u00fc. Erdo\u011fan&#8217;a ait olumsuz kanaat, olumlu kanaatin \u00fczerinde seyrederken, AKP&#8217;nin ankette CHP&#8217;nin y\u00fczde 0,2 \u00f6n\u00fcnde birinci s\u0131rada oldu\u011fu g\u00f6r\u00fcld\u00fc.<\/p>\n","protected":false},"author":1,"featured_media":21508,"comment_status":"open","ping_status":"open","sticky":false,"template":"","format":"standard","meta":{"footnotes":""},"categories":[25],"tags":[306,189,222,425,1133],"class_list":["post-21507","post","type-post","status-publish","format-standard","has-post-thumbnail","hentry","category-gundem","tag-erdogan","tag-parti","tag-partisi","tag-soru","tag-yanit"],"_links":{"self":[{"href":"https:\/\/ikimisli.tr\/index.php\/wp-json\/wp\/v2\/posts\/21507","targetHints":{"allow":["GET"]}}],"collection":[{"href":"https:\/\/ikimisli.tr\/index.php\/wp-json\/wp\/v2\/posts"}],"about":[{"href":"https:\/\/ikimisli.tr\/index.php\/wp-json\/wp\/v2\/types\/post"}],"author":[{"embeddable":true,"href":"https:\/\/ikimisli.tr\/index.php\/wp-json\/wp\/v2\/users\/1"}],"replies":[{"embeddable":true,"href":"https:\/\/ikimisli.tr\/index.php\/wp-json\/wp\/v2\/comments?post=21507"}],"version-history":[{"count":1,"href":"https:\/\/ikimisli.tr\/index.php\/wp-json\/wp\/v2\/posts\/21507\/revisions"}],"predecessor-version":[{"id":21513,"href":"https:\/\/ikimisli.tr\/index.php\/wp-json\/wp\/v2\/posts\/21507\/revisions\/21513"}],"wp:featuredmedia":[{"embeddable":true,"href":"https:\/\/ikimisli.tr\/index.php\/wp-json\/wp\/v2\/media\/21508"}],"wp:attachment":[{"href":"https:\/\/ikimisli.tr\/index.php\/wp-json\/wp\/v2\/media?parent=21507"}],"wp:term":[{"taxonomy":"category","embeddable":true,"href":"https:\/\/ikimisli.tr\/index.php\/wp-json\/wp\/v2\/categories?post=21507"},{"taxonomy":"post_tag","embeddable":true,"href":"https:\/\/ikimisli.tr\/index.php\/wp-json\/wp\/v2\/tags?post=21507"}],"curies":[{"name":"wp","href":"https:\/\/api.w.org\/{rel}","templated":true}]}}