{"id":21568,"date":"2025-04-02T03:36:07","date_gmt":"2025-04-02T03:36:07","guid":{"rendered":"https:\/\/ikimisli.tr\/?p=21568"},"modified":"2025-04-02T03:36:07","modified_gmt":"2025-04-02T03:36:07","slug":"otomotiv-devi-fabrika-kapatiyor-calisanlarina-2-kat-fazla-tazminat-verecek","status":"publish","type":"post","link":"https:\/\/ikimisli.tr\/index.php\/2025\/04\/02\/otomotiv-devi-fabrika-kapatiyor-calisanlarina-2-kat-fazla-tazminat-verecek\/","title":{"rendered":"Otomotiv devi fabrika kapat\u0131yor: \u00c7al\u0131\u015fanlar\u0131na 2 kat fazla tazminat verecek"},"content":{"rendered":"<p>Audi, 2024 y\u0131l\u0131n\u0131n Temmuz ay\u0131nda, Br\u00fcksel\u2019deki fabrikas\u0131nda \u00fcretilen l\u00fcks elektrikli araba modeli Q8&#8217;in \u00fcretiminin Meksika&#8217;ya kayd\u0131r\u0131laca\u011f\u0131n\u0131 ve fabrikan\u0131n kapanaca\u011f\u0131n\u0131 duyurmu\u015ftu. Bu karar, d\u00fc\u015fen talep ve \u00fcretim verimlili\u011fi ile ilgili stratejik bir ad\u0131m olarak de\u011ferlendirildi. Fabrikan\u0131n kapanmas\u0131, yakla\u015f\u0131k 3 bin emek\u00e7iyi direkt tesiri alt\u0131na alacak.<\/p>\n<p><b>FABR\u0130KA NE VAK\u0130T KAPANACAK?<\/b><\/p>\n<p>Audi&#8217;nin Br\u00fcksel fabrikas\u0131, \u015eubat ay\u0131 sonunda kapanacak. Audi&#8217;nin bu karar\u0131n\u0131n akabinde fabrikan\u0131n emek\u00e7i sendikalar\u0131, personellerin ma\u011fduriyetini en aza indirmek gayesiyle g\u00f6r\u00fc\u015fmeler yapmaya ba\u015flam\u0131\u015ft\u0131. Yap\u0131lan g\u00f6r\u00fc\u015fmeler sonucunda, fabrika idaresiyle personel sendikalar\u0131 ortas\u0131nda toplumsal plan konusunda bir uzla\u015f\u0131ya var\u0131ld\u0131.<\/p>\n<p><b>Y\u00dcKSEK TAZM\u0130NAT VE \u0130KRAM\u0130YE \u00d6DEMELER\u0130<\/b><\/p>\n<p>Fabrikan\u0131n kapanmas\u0131n\u0131n akabinde, 30 y\u0131l k\u0131demi olan \u00e7al\u0131\u015fanlara, yasal tazminatlar\u0131na ek olarak hizmet m\u00fcddetlerine nazaran 200 bin ila 400 bin avro ortas\u0131nda bir \u00f6deme yap\u0131lacak. Bu \u00f6deme, \u00e7al\u0131\u015fanlar\u0131n konumlar\u0131na ve maa\u015flar\u0131na ba\u011fl\u0131 olarak de\u011fi\u015fkenlik g\u00f6sterecek. Audi, bu tazminatlar\u0131n yasal olarak \u00f6denmesi gereken tazminatlar\u0131n iki kat\u0131 oldu\u011funu duyurdu.<\/p>\n<p><b>NE OLMU\u015eTU?<\/b><\/p>\n<p>Fabrikan\u0131n kapanma karar\u0131, Eyl\u00fcl 2024\u2019te daha da netle\u015fmi\u015fti. Audi, Volkswagen K\u00fcmesi&#8217;nin Br\u00fcksel fabrikas\u0131na \u00fcretim i\u00e7in yeni model tahsis etmeyece\u011fini a\u00e7\u0131klam\u0131\u015ft\u0131. Bu durum, personellerin ve sendikalar\u0131n b\u00fcy\u00fck reaksiyonunu \u00e7ekmi\u015fti. Emek\u00e7iler, \u00fcretim yap\u0131lmad\u0131\u011f\u0131 i\u00e7in i\u015fba\u015f\u0131 yapmadan, tamamlanm\u0131\u015f arabalar\u0131n anahtarlar\u0131n\u0131 alm\u0131\u015ft\u0131.<\/p>\n<p>\u00a0<\/p>\n","protected":false},"excerpt":{"rendered":"<p>Audi&#8217;nin Br\u00fcksel&#8217;deki fabrikas\u0131, 30 y\u0131ll\u0131k \u00fcretim ge\u00e7mi\u015finin akabinde yak\u0131n vakitte kapanacak. Fabrikan\u0131n kapan\u0131\u015f\u0131, personel sendikalar\u0131 ve fabrika idaresi ortas\u0131nda yap\u0131lan g\u00f6r\u00fc\u015fmeler sonucunda tazminat muahedesiyle kat\u0131la\u015ft\u0131. Mutabakata nazaran, 30 y\u0131l k\u0131demi olan personellere 200 bin ila 400 bin avro ortas\u0131nda tazminat \u00f6denecek. Bu \u00f6deme, yasal k\u0131dem tazminatlar\u0131n\u0131n yan\u0131 s\u0131ra ek bir ikramiye de i\u00e7erecek.<\/p>\n","protected":false},"author":1,"featured_media":21569,"comment_status":"open","ping_status":"open","sticky":false,"template":"","format":"standard","meta":{"footnotes":""},"categories":[24],"tags":[1654,4029,857],"class_list":["post-21568","post","type-post","status-publish","format-standard","has-post-thumbnail","hentry","category-ekonomi","tag-fabrika","tag-fabrikanin","tag-isci"],"_links":{"self":[{"href":"https:\/\/ikimisli.tr\/index.php\/wp-json\/wp\/v2\/posts\/21568","targetHints":{"allow":["GET"]}}],"collection":[{"href":"https:\/\/ikimisli.tr\/index.php\/wp-json\/wp\/v2\/posts"}],"about":[{"href":"https:\/\/ikimisli.tr\/index.php\/wp-json\/wp\/v2\/types\/post"}],"author":[{"embeddable":true,"href":"https:\/\/ikimisli.tr\/index.php\/wp-json\/wp\/v2\/users\/1"}],"replies":[{"embeddable":true,"href":"https:\/\/ikimisli.tr\/index.php\/wp-json\/wp\/v2\/comments?post=21568"}],"version-history":[{"count":1,"href":"https:\/\/ikimisli.tr\/index.php\/wp-json\/wp\/v2\/posts\/21568\/revisions"}],"predecessor-version":[{"id":21570,"href":"https:\/\/ikimisli.tr\/index.php\/wp-json\/wp\/v2\/posts\/21568\/revisions\/21570"}],"wp:featuredmedia":[{"embeddable":true,"href":"https:\/\/ikimisli.tr\/index.php\/wp-json\/wp\/v2\/media\/21569"}],"wp:attachment":[{"href":"https:\/\/ikimisli.tr\/index.php\/wp-json\/wp\/v2\/media?parent=21568"}],"wp:term":[{"taxonomy":"category","embeddable":true,"href":"https:\/\/ikimisli.tr\/index.php\/wp-json\/wp\/v2\/categories?post=21568"},{"taxonomy":"post_tag","embeddable":true,"href":"https:\/\/ikimisli.tr\/index.php\/wp-json\/wp\/v2\/tags?post=21568"}],"curies":[{"name":"wp","href":"https:\/\/api.w.org\/{rel}","templated":true}]}}