{"id":21574,"date":"2025-04-02T04:00:05","date_gmt":"2025-04-02T04:00:05","guid":{"rendered":"https:\/\/ikimisli.tr\/?p=21574"},"modified":"2025-04-02T04:00:05","modified_gmt":"2025-04-02T04:00:05","slug":"koye-ilk-gelen-leylek-iki-cuval-un-kazandirdi","status":"publish","type":"post","link":"https:\/\/ikimisli.tr\/index.php\/2025\/04\/02\/koye-ilk-gelen-leylek-iki-cuval-un-kazandirdi\/","title":{"rendered":"K\u00f6ye ilk gelen leylek iki \u00e7uval un kazand\u0131rd\u0131"},"content":{"rendered":"<p>Ege b\u00f6lgesinde erken gelen bahar leyleklerinde erken gelmesine neden oldu. Havalar so\u011fumay\u0131nca bayar ve leylekler erken geldi. Ayd\u0131n\u2019\u0131n S\u00f6ke il\u00e7esine ba\u011fl\u0131 G\u00f6lbent k\u00f6y\u00fcne gelen leylekler k\u00f6yde sevin\u00e7 yaratt\u0131.<\/p>\n<p><b>LEYLE\u011e\u0130 B\u0130R\u0130NC\u0130 G\u00d6RENE B\u0130R \u00c7UVAL UN<\/b><\/p>\n<p>K\u00f6ye gelen leylekleri birinci g\u00f6ren iki k\u00f6yl\u00fcye geleneklere nazaran EKODOSD( Ekosistemi Muhafaza ve Do\u011fa Sevenler Derne\u011fi) Ba\u015fkan\u0131 Bahattin S\u00fcr\u00fcc\u00fc taraf\u0131ndan birer \u00e7uval un verildi.<\/p>\n<p><b>HAVALAR SO\u011eUMADI, LEYLEKLER DE ERKEN GELD\u0130<\/b><\/p>\n<p>S\u00fcr\u00fcc\u00fc \u201cGe\u00e7ti\u011fimiz y\u0131llarda leylekler \u015fubat ay\u0131 sonu mart ba\u015f\u0131 \u00fczere gelirdi. Bahar\u0131n m\u00fcjdecisi olarak bilinen birinci leylek (Ciconia ciconia) S\u00f6ke\u2019nin G\u00f6lbent k\u00f6y\u00fcne geldi. Son y\u0131llarda iklim de\u011fi\u015fikli\u011finin tesirlerinin g\u00f6r\u00fcld\u00fc\u011f\u00fc adeta bahar mevsiminin ya\u015fand\u0131\u011f\u0131 Ocak ay\u0131nda gelmeye ba\u015flad\u0131lar. Her y\u0131l A\u015fa\u011f\u0131 B\u00fcy\u00fck Menderes Havzas\u0131\u2019ndaki leylek k\u00f6ylerinde \u201cK\u00f6y\u00fcne Gelen Leyle\u011fi Birinci G\u00f6rene 1 \u00c7uval Un\u201d kampanyas\u0131 d\u00fczenliyoruz. Belirledi\u011fimiz pilot k\u00f6ylerde, yuvaya birinci gelen leyle\u011fi g\u00f6r\u00fcp belgeleyen y\u00f6re insanlar\u0131 EKODOSD \u00fcyeleri taraf\u0131ndan bir \u00e7uval unla \u00f6d\u00fcllendiriliyor\u201d diye konu\u015ftu.<\/p>\n","protected":false},"excerpt":{"rendered":"<p>Ege b\u00f6lgesinde d\u00f6nemin birinci leyle\u011fi Ayd\u0131n\u2019\u0131n S\u00f6ke il\u00e7esine geldi. Geleneklere nazaran leyle\u011fi birinci g\u00f6ren iki \u015fahsa birer \u00e7uval un arma\u011fan edildi.<\/p>\n","protected":false},"author":1,"featured_media":21575,"comment_status":"open","ping_status":"open","sticky":false,"template":"","format":"standard","meta":{"footnotes":""},"categories":[44],"tags":[1995,4031],"class_list":["post-21574","post","type-post","status-publish","format-standard","has-post-thumbnail","hentry","category-yasam","tag-gelen","tag-leylekler"],"_links":{"self":[{"href":"https:\/\/ikimisli.tr\/index.php\/wp-json\/wp\/v2\/posts\/21574","targetHints":{"allow":["GET"]}}],"collection":[{"href":"https:\/\/ikimisli.tr\/index.php\/wp-json\/wp\/v2\/posts"}],"about":[{"href":"https:\/\/ikimisli.tr\/index.php\/wp-json\/wp\/v2\/types\/post"}],"author":[{"embeddable":true,"href":"https:\/\/ikimisli.tr\/index.php\/wp-json\/wp\/v2\/users\/1"}],"replies":[{"embeddable":true,"href":"https:\/\/ikimisli.tr\/index.php\/wp-json\/wp\/v2\/comments?post=21574"}],"version-history":[{"count":1,"href":"https:\/\/ikimisli.tr\/index.php\/wp-json\/wp\/v2\/posts\/21574\/revisions"}],"predecessor-version":[{"id":21576,"href":"https:\/\/ikimisli.tr\/index.php\/wp-json\/wp\/v2\/posts\/21574\/revisions\/21576"}],"wp:featuredmedia":[{"embeddable":true,"href":"https:\/\/ikimisli.tr\/index.php\/wp-json\/wp\/v2\/media\/21575"}],"wp:attachment":[{"href":"https:\/\/ikimisli.tr\/index.php\/wp-json\/wp\/v2\/media?parent=21574"}],"wp:term":[{"taxonomy":"category","embeddable":true,"href":"https:\/\/ikimisli.tr\/index.php\/wp-json\/wp\/v2\/categories?post=21574"},{"taxonomy":"post_tag","embeddable":true,"href":"https:\/\/ikimisli.tr\/index.php\/wp-json\/wp\/v2\/tags?post=21574"}],"curies":[{"name":"wp","href":"https:\/\/api.w.org\/{rel}","templated":true}]}}