{"id":21645,"date":"2025-04-02T07:48:06","date_gmt":"2025-04-02T07:48:06","guid":{"rendered":"https:\/\/ikimisli.tr\/?p=21645"},"modified":"2025-04-02T07:48:06","modified_gmt":"2025-04-02T07:48:06","slug":"66-milyon-yillik-fosillesmis-kusmuk-kesfedildi","status":"publish","type":"post","link":"https:\/\/ikimisli.tr\/index.php\/2025\/04\/02\/66-milyon-yillik-fosillesmis-kusmuk-kesfedildi\/","title":{"rendered":"66 milyon y\u0131ll\u0131k fosille\u015fmi\u015f kusmuk ke\u015ffedildi!"},"content":{"rendered":"<p>The Guardian gazetesinin haberine nazaran, ba\u015f\u015fehir Kopenhag&#8217;\u0131n g\u00fcneyindeki Stevns kayal\u0131klar\u0131nda amat\u00f6r bir fosil avc\u0131s\u0131 yeni bir fosil ke\u015ffetti.<\/p>\n<p>Yakla\u015f\u0131k 66 milyon y\u0131l evvel dinozorlar\u0131n ya\u015fad\u0131\u011f\u0131 devirden kalma oldu\u011fu d\u00fc\u015f\u00fcn\u00fclen fosilin, yedi\u011fi otlar\u0131 sindiremedi\u011fi i\u00e7in kusan bir bal\u0131\u011fa ili\u015fkin oldu\u011fu iddia ediliyor.<\/p>\n<p>Uzmanlar, ke\u015ffedilen fosillerin ekosistemin i\u015fleyi\u015fi ve besin zinciri hakk\u0131nda k\u0131ymetli bilgiler sa\u011flayaca\u011f\u0131n\u0131 d\u00fc\u015f\u00fcn\u00fcyor.<\/p>\n<p>Fosiller, incelenmek \u00fczere m\u00fczeye kald\u0131r\u0131ld\u0131.<\/p>\n","protected":false},"excerpt":{"rendered":"<p>Danimarka\u2019da yap\u0131lan arkeolojik ara\u015ft\u0131rmalar s\u0131ras\u0131nda, 66 milyon y\u0131l \u00f6ncesine ili\u015fkin oldu\u011fu d\u00fc\u015f\u00fcn\u00fclen fosille\u015fmi\u015f bir hayvan kusmu\u011fu ke\u015ffedildi. Bu e\u015fsiz bulgu, tarih \u00f6ncesi canl\u0131lar\u0131n beslenme al\u0131\u015fkanl\u0131klar\u0131 hakk\u0131nda de\u011ferli ipu\u00e7lar\u0131 sunabilir.<\/p>\n","protected":false},"author":1,"featured_media":21646,"comment_status":"open","ping_status":"open","sticky":false,"template":"","format":"standard","meta":{"footnotes":""},"categories":[26],"tags":[1375],"class_list":["post-21645","post","type-post","status-publish","format-standard","has-post-thumbnail","hentry","category-kultur-sanat","tag-fosil"],"_links":{"self":[{"href":"https:\/\/ikimisli.tr\/index.php\/wp-json\/wp\/v2\/posts\/21645","targetHints":{"allow":["GET"]}}],"collection":[{"href":"https:\/\/ikimisli.tr\/index.php\/wp-json\/wp\/v2\/posts"}],"about":[{"href":"https:\/\/ikimisli.tr\/index.php\/wp-json\/wp\/v2\/types\/post"}],"author":[{"embeddable":true,"href":"https:\/\/ikimisli.tr\/index.php\/wp-json\/wp\/v2\/users\/1"}],"replies":[{"embeddable":true,"href":"https:\/\/ikimisli.tr\/index.php\/wp-json\/wp\/v2\/comments?post=21645"}],"version-history":[{"count":1,"href":"https:\/\/ikimisli.tr\/index.php\/wp-json\/wp\/v2\/posts\/21645\/revisions"}],"predecessor-version":[{"id":21647,"href":"https:\/\/ikimisli.tr\/index.php\/wp-json\/wp\/v2\/posts\/21645\/revisions\/21647"}],"wp:featuredmedia":[{"embeddable":true,"href":"https:\/\/ikimisli.tr\/index.php\/wp-json\/wp\/v2\/media\/21646"}],"wp:attachment":[{"href":"https:\/\/ikimisli.tr\/index.php\/wp-json\/wp\/v2\/media?parent=21645"}],"wp:term":[{"taxonomy":"category","embeddable":true,"href":"https:\/\/ikimisli.tr\/index.php\/wp-json\/wp\/v2\/categories?post=21645"},{"taxonomy":"post_tag","embeddable":true,"href":"https:\/\/ikimisli.tr\/index.php\/wp-json\/wp\/v2\/tags?post=21645"}],"curies":[{"name":"wp","href":"https:\/\/api.w.org\/{rel}","templated":true}]}}