{"id":21712,"date":"2025-04-02T11:36:07","date_gmt":"2025-04-02T11:36:07","guid":{"rendered":"https:\/\/ikimisli.tr\/?p=21712"},"modified":"2025-04-02T11:36:07","modified_gmt":"2025-04-02T11:36:07","slug":"takim-arkadasina-tokat-atmisti-kadro-disi-birakildi","status":"publish","type":"post","link":"https:\/\/ikimisli.tr\/index.php\/2025\/04\/02\/takim-arkadasina-tokat-atmisti-kadro-disi-birakildi\/","title":{"rendered":"Tak\u0131m arkada\u015f\u0131na tokat atm\u0131\u015ft\u0131! Kadro d\u0131\u015f\u0131 b\u0131rak\u0131ld\u0131"},"content":{"rendered":"<p>Trendyol S\u00fcper Lig tak\u0131mlar\u0131ndan Bellona Kayserispor&#8217;un deplasmanda Net K\u00fcresel Sivasspor&#8217;a 5-2 ma\u011flup oldu\u011fu m\u00fcsabakaya Cardoso-Bahoken tansiyonu damga vurmu\u015ftu.<\/p>\n<p>S\u00fcper Lig\u2019in 21&#8217;inci haftas\u0131ndaki m\u00fcsabakan\u0131n 23\u2019\u00fcnc\u00fc dakikas\u0131nda ekip arkada\u015f\u0131 Cardoso\u2019ya tokat att\u0131\u011f\u0131 gerek\u00e7esiyle k\u0131rm\u0131z\u0131 kart g\u00f6ren Bahoken, Kayserispor Y\u00f6netim Kurulu taraf\u0131ndan s\u00fcresiz tak\u0131m d\u0131\u015f\u0131 b\u0131rak\u0131ld\u0131.<\/p>\n<p><b>YEN\u0130DEN DE\u011eERLEND\u0130R\u0130LECEK<\/b><\/p>\n<p>Bahoken\u2019in ekip arkada\u015flar\u0131ndan ve Lider Nurettin A\u00e7\u0131kal\u0131n\u2019dan \u00f6z\u00fcr diledi\u011fi, sar\u0131-k\u0131rm\u0131z\u0131l\u0131 idaresinin Bahoken\u2019in tak\u0131m d\u0131\u015f\u0131 karar\u0131 ile alakal\u0131 \u00f6n\u00fcm\u00fczdeki g\u00fcnlerde yine bir k\u0131ymetlendirme yapaca\u011f\u0131 \u00f6\u011frenildi.\u00a0<\/p>\n<p>\u00a0<\/p>\n","protected":false},"excerpt":{"rendered":"<p>Kayserispor, grup arkada\u015f\u0131na tokat at\u0131p, k\u0131rm\u0131z\u0131 kart g\u00f6ren Bahoken\u2019i tak\u0131m d\u0131\u015f\u0131 b\u0131rakt\u0131<\/p>\n","protected":false},"author":1,"featured_media":21713,"comment_status":"open","ping_status":"open","sticky":false,"template":"","format":"standard","meta":{"footnotes":""},"categories":[30],"tags":[],"class_list":["post-21712","post","type-post","status-publish","format-standard","has-post-thumbnail","hentry","category-spor"],"_links":{"self":[{"href":"https:\/\/ikimisli.tr\/index.php\/wp-json\/wp\/v2\/posts\/21712","targetHints":{"allow":["GET"]}}],"collection":[{"href":"https:\/\/ikimisli.tr\/index.php\/wp-json\/wp\/v2\/posts"}],"about":[{"href":"https:\/\/ikimisli.tr\/index.php\/wp-json\/wp\/v2\/types\/post"}],"author":[{"embeddable":true,"href":"https:\/\/ikimisli.tr\/index.php\/wp-json\/wp\/v2\/users\/1"}],"replies":[{"embeddable":true,"href":"https:\/\/ikimisli.tr\/index.php\/wp-json\/wp\/v2\/comments?post=21712"}],"version-history":[{"count":1,"href":"https:\/\/ikimisli.tr\/index.php\/wp-json\/wp\/v2\/posts\/21712\/revisions"}],"predecessor-version":[{"id":21714,"href":"https:\/\/ikimisli.tr\/index.php\/wp-json\/wp\/v2\/posts\/21712\/revisions\/21714"}],"wp:featuredmedia":[{"embeddable":true,"href":"https:\/\/ikimisli.tr\/index.php\/wp-json\/wp\/v2\/media\/21713"}],"wp:attachment":[{"href":"https:\/\/ikimisli.tr\/index.php\/wp-json\/wp\/v2\/media?parent=21712"}],"wp:term":[{"taxonomy":"category","embeddable":true,"href":"https:\/\/ikimisli.tr\/index.php\/wp-json\/wp\/v2\/categories?post=21712"},{"taxonomy":"post_tag","embeddable":true,"href":"https:\/\/ikimisli.tr\/index.php\/wp-json\/wp\/v2\/tags?post=21712"}],"curies":[{"name":"wp","href":"https:\/\/api.w.org\/{rel}","templated":true}]}}