{"id":21718,"date":"2025-04-02T12:00:09","date_gmt":"2025-04-02T12:00:09","guid":{"rendered":"https:\/\/ikimisli.tr\/?p=21718"},"modified":"2025-04-02T12:00:09","modified_gmt":"2025-04-02T12:00:09","slug":"kentsel-donusum-kavgasi-can-aldi","status":"publish","type":"post","link":"https:\/\/ikimisli.tr\/index.php\/2025\/04\/02\/kentsel-donusum-kavgasi-can-aldi\/","title":{"rendered":"Kentsel d\u00f6n\u00fc\u015f\u00fcm kavgas\u0131 can ald\u0131"},"content":{"rendered":"<p>Olay, 24 Ocak&#8217;ta saat 15.10 s\u0131ralar\u0131nda \u00c7engelk\u00f6y Lekeci Nuri Sokak&#8217;taki bir sitenin \u00f6n\u00fcnde meydana geldi.<\/p>\n<p>\u0130ddiaya nazaran, Talat Derici ve \u00d6mer Derici ortas\u0131nda kentsel d\u00f6n\u00fc\u015f\u00fcme giren apartmandaki bir dairenin tapusuyla ilgili uyu\u015fmazl\u0131k vard\u0131. \u00d6mer Derici, konutun tapusunda babas\u0131n\u0131n da hak sahibi oldu\u011funu \u00f6ne s\u00fcrerek Talat Derici ile bir m\u00fcddettir tart\u0131\u015f\u0131yordu.<\/p>\n<p>E\u015fiyle birlikte ya\u015fad\u0131klar\u0131 sitenin otopark\u0131na girmek \u00fczere olan Talat Derici&#8217;nin yan\u0131na gelen \u00d6mer Derici mevzuyu tekrar tart\u0131\u015fmaya ba\u015flad\u0131. \u00d6mer Derici, tart\u0131\u015fman\u0131n b\u00fcy\u00fcmesinin akabinde yan\u0131nda getirdi\u011fi silah\u0131 \u00e7\u0131kararak akrabas\u0131 Talat Derici&#8217;yi e\u015finin yan\u0131nda vurdu. H\u00fccumun akabinde \u00d6mer Derici ka\u00e7arken arabas\u0131ndan inmeye Talat Derici bir m\u00fchlet sonra yere y\u0131\u011f\u0131ld\u0131. O anlar anbean g\u00fcvenlik kameras\u0131na yans\u0131d\u0131.\u00a0<\/p>\n<p><b>\u00dcSK\u00dcDAR ASAY\u0130\u015e POL\u0130S\u0130 YAKALADI<\/b><\/p>\n<p>\u0130hbar \u00fczerine olay yerine \u00e7ok say\u0131da s\u0131hhat ve polis grubu sevk edildi. A\u011f\u0131r yaral\u0131 olarak hastaneye kald\u0131r\u0131lan Talat Derici yap\u0131lan t\u00fcm m\u00fcdahalelere kar\u015f\u0131n hayat\u0131n\u0131 kaybetti.<\/p>\n<p>Talat Derici&#8217;yi vurduktan sonra ka\u00e7an \u00d6mer Derici ise \u00dcsk\u00fcdar \u0130l\u00e7e Emniyet M\u00fcd\u00fcrl\u00fc\u011f\u00fc&#8217;ne ba\u011fl\u0131 Asayi\u015f Ofis Gruplar\u0131 taraf\u0131ndan k\u0131sa m\u00fcddette yakaland\u0131. Sald\u0131rgan \u00d6mer Derici, &#8216;Kasten \u00d6ld\u00fcrme&#8217; ve &#8216;Ruhsats\u0131z silah bulundurma&#8217; kabahatlerinden tutuklanarak cezaevine g\u00f6nderildi.\u00a0<\/p>\n","protected":false},"excerpt":{"rendered":"<p>\u00dcsk\u00fcdar&#8217;da kentsel d\u00f6n\u00fc\u015f\u00fcme giren apartmandaki dairede babas\u0131n\u0131n hak sahibi oldu\u011funu \u00f6ne s\u00fcren \u00d6mer Derici, akrabas\u0131 Talat Derici&#8217;yi silahla vurarak \u00f6ld\u00fcrd\u00fc. Olay\u0131n akabinde ka\u00e7an ku\u015fkulu yakalan\u0131rken ak\u0131n an\u0131 g\u00fcvenlik kameras\u0131na yans\u0131d\u0131.<\/p>\n","protected":false},"author":1,"featured_media":21719,"comment_status":"open","ping_status":"open","sticky":false,"template":"","format":"standard","meta":{"footnotes":""},"categories":[25],"tags":[],"class_list":["post-21718","post","type-post","status-publish","format-standard","has-post-thumbnail","hentry","category-gundem"],"_links":{"self":[{"href":"https:\/\/ikimisli.tr\/index.php\/wp-json\/wp\/v2\/posts\/21718","targetHints":{"allow":["GET"]}}],"collection":[{"href":"https:\/\/ikimisli.tr\/index.php\/wp-json\/wp\/v2\/posts"}],"about":[{"href":"https:\/\/ikimisli.tr\/index.php\/wp-json\/wp\/v2\/types\/post"}],"author":[{"embeddable":true,"href":"https:\/\/ikimisli.tr\/index.php\/wp-json\/wp\/v2\/users\/1"}],"replies":[{"embeddable":true,"href":"https:\/\/ikimisli.tr\/index.php\/wp-json\/wp\/v2\/comments?post=21718"}],"version-history":[{"count":1,"href":"https:\/\/ikimisli.tr\/index.php\/wp-json\/wp\/v2\/posts\/21718\/revisions"}],"predecessor-version":[{"id":21720,"href":"https:\/\/ikimisli.tr\/index.php\/wp-json\/wp\/v2\/posts\/21718\/revisions\/21720"}],"wp:featuredmedia":[{"embeddable":true,"href":"https:\/\/ikimisli.tr\/index.php\/wp-json\/wp\/v2\/media\/21719"}],"wp:attachment":[{"href":"https:\/\/ikimisli.tr\/index.php\/wp-json\/wp\/v2\/media?parent=21718"}],"wp:term":[{"taxonomy":"category","embeddable":true,"href":"https:\/\/ikimisli.tr\/index.php\/wp-json\/wp\/v2\/categories?post=21718"},{"taxonomy":"post_tag","embeddable":true,"href":"https:\/\/ikimisli.tr\/index.php\/wp-json\/wp\/v2\/tags?post=21718"}],"curies":[{"name":"wp","href":"https:\/\/api.w.org\/{rel}","templated":true}]}}