{"id":21881,"date":"2025-04-02T21:36:06","date_gmt":"2025-04-02T21:36:06","guid":{"rendered":"https:\/\/ikimisli.tr\/?p=21881"},"modified":"2025-04-02T21:36:06","modified_gmt":"2025-04-02T21:36:06","slug":"istanbulun-bu-6-noktasinda-yasayanlar-ise-gidenler-dikkat","status":"publish","type":"post","link":"https:\/\/ikimisli.tr\/index.php\/2025\/04\/02\/istanbulun-bu-6-noktasinda-yasayanlar-ise-gidenler-dikkat\/","title":{"rendered":"\u0130stanbul\u2019un bu 6 noktas\u0131nda ya\u015fayanlar, i\u015fe gidenler dikkat"},"content":{"rendered":"<p>\u0130stanbul\u2019da bir hafta boyunca tesirli olacak sis ve pus, hava kalitesini olumsuz etkiliyor. Afrika \u00fczerinden gelen y\u00fcksek bas\u0131n\u00e7 sistemi nedeniyle bilhassa sabah ve ak\u015fam saatlerinde hava kirlili\u011fi tehlikeli boyutlara ula\u015facak. Uzmanlar, kronik rahats\u0131zl\u0131\u011f\u0131 olanlar ve \u00e7ocuklar\u0131n mecbur\u00ee olmad\u0131k\u00e7a d\u0131\u015far\u0131 \u00e7\u0131kmamalar\u0131 gerekti\u011fi konusunda uyard\u0131. Kentte hava kalitesinin en d\u00fc\u015f\u00fck oldu\u011fu b\u00f6lgeler ortas\u0131nda G\u00f6ztepe, Kartal, Fikirtepe, Uzun\u00e7ay\u0131r, Mecidiyek\u00f6y ve Ka\u011f\u0131thane \u00f6ne \u00e7\u0131k\u0131yor.<\/p>\n<p><b>Bir Hafta Boyunca Sis ve Pus Tesirli Olacak<\/b><\/p>\n<p>Meteoroloji uzmanlar\u0131na nazaran, \u0130stanbul\u2019da sisli ve puslu hava \u015fartlar\u0131 bir hafta boyunca s\u00fcrecek. \u0130stanbul Ayd\u0131n \u00dcniversitesi Dr. \u00d6\u011fretim \u00dcyesi ve meteoroloji uzman\u0131 \u0130timat \u00d6zdemir, hava kirlili\u011finin bilhassa sabah ve ak\u015fam saatlerinde en \u00fcst d\u00fczeylere ula\u015faca\u011f\u0131n\u0131 belirtti. \u00d6zdemir, bu durumun y\u00fcksek bas\u0131n\u00e7 sistemi ve karalar\u0131n s\u00fcratli so\u011fumas\u0131yla temasl\u0131 oldu\u011funu tabir etti.<\/p>\n<p><img decoding=\"async\" src=\"https:\/\/ikimisli.tr\/wp-content\/uploads\/2025\/04\/istanbulun-bu-6-noktasinda-yasayanlar-ise-gidenler-dikkat-0-sEkZdEgT.jpg\"\/><\/p>\n<p><b>Hava Kirlili\u011fi Had Safhada<\/b><\/p>\n<p>Uzmanlar\u0131n ihtar\u0131na nazaran, \u0130stanbul\u2019un sanayi b\u00f6lgelerine yak\u0131n ve trafi\u011fin a\u011f\u0131r oldu\u011fu kesitlerde hava kirlili\u011fi daha tesirli olacak. Dr. \u00d6zdemir, \u201cG\u00f6ztepe, Kartal, Fikirtepe\u2019nin E-5\u2019e bakan b\u00f6l\u00fcmleri, Uzun\u00e7ay\u0131r, Mecidiyek\u00f6y ve Ka\u011f\u0131thane\u2019de hava kirlili\u011fi had safhada. Bu b\u00f6lgelerde ya\u015fayanlar, bilhassa sabah ve ak\u015fam saatlerinde m\u00fcmk\u00fcnse d\u0131\u015far\u0131 \u00e7\u0131kmamal\u0131\u201d dedi.<\/p>\n<p><b>Sis ve Pus Neden Olu\u015fuyor?<\/b><\/p>\n<p>\u00d6zdemir, sis ve pus olu\u015fumunun, karalar\u0131n s\u00fcratli bir formda so\u011fumas\u0131ndan kaynakland\u0131\u011f\u0131n\u0131 belirtti. G\u00fcnd\u00fcz saatlerinde g\u00fcne\u015f \u0131\u015f\u0131nlar\u0131n\u0131n yery\u00fcz\u00fc taraf\u0131ndan emildi\u011fini, gece ise bu radyasyonun s\u00fcratle kayboldu\u011funu s\u00f6z eden \u00d6zdemir, \u201cG\u00f6ky\u00fcz\u00fc a\u00e7\u0131k oldu\u011funda radyasyon kayb\u0131 art\u0131yor ve bu da sis ile pusun olu\u015fmas\u0131na yol a\u00e7\u0131yor. Deniz, g\u00f6l ve dere kenarlar\u0131nda, \u00e7ukur alanlarda bu olay daha s\u0131k g\u00f6r\u00fcl\u00fcyor\u201d diye konu\u015ftu.<\/p>\n<p><img decoding=\"async\" src=\"https:\/\/ikimisli.tr\/wp-content\/uploads\/2025\/04\/istanbulun-bu-6-noktasinda-yasayanlar-ise-gidenler-dikkat-1-xTDfkusM.jpg\"\/><\/p>\n<p><b>Maske Kullan\u0131m\u0131 ve \u00d6nlemler<\/b><\/p>\n<p>Hava kirlili\u011fi nedeniyle bilhassa kronik rahats\u0131zl\u0131\u011f\u0131 bulunanlar ve \u00e7ocuklar\u0131n dikkatli olmas\u0131 gerekti\u011fini s\u00f6yleyen \u00d6zdemir, \u201cSabah erken saatlerde ve g\u00fcne\u015f bat\u0131m\u0131ndan sonra hava kirlili\u011fi tepe yapacak. Bu saatlerde a\u00e7\u0131k havada bulunmak s\u0131hhat problemlerini art\u0131rabilir. Maske takmak, bu s\u00fcre\u00e7te tesirli bir muhafaza sa\u011flayabilir\u201d ikaz\u0131nda bulundu.<\/p>\n<p><b>Sanayi ve Trafik Yo\u011funlu\u011fu Durumu K\u00f6t\u00fcle\u015ftiriyor<\/b><\/p>\n<p>\u0130stanbul\u2019un yedi doruklu yap\u0131s\u0131na dikkat \u00e7eken \u00d6zdemir, kentin d\u00fcz bir yere sahip olmamas\u0131n\u0131n hava hareketlerini etkiledi\u011fini belirtti. Sanayi b\u00f6lgeleri ve a\u011f\u0131r trafikli alanlar\u0131n da hava kirlili\u011fini tetikledi\u011fini tabir eden \u00d6zdemir, \u201cHava kalitesinin d\u00fc\u015f\u00fck oldu\u011fu bu g\u00fcnlerde bilhassa sanayi kaynakl\u0131 emisyonlar\u0131n tesiri daha fazla hissediliyor\u201d dedi.<\/p>\n<p><b>\u0130\u015fe Gidenler ve Kent Sakinleri \u0130\u00e7in Uyar\u0131<\/b><\/p>\n<p>Sabah ve ak\u015fam saatlerinde i\u015fe gitmek zorunda olanlar i\u00e7in de dikkatli olmalar\u0131 \u00f6neriliyor. Uzmanlar, zarur\u00ee olmad\u0131k\u00e7a bu saatlerde d\u0131\u015far\u0131 \u00e7\u0131k\u0131lmamas\u0131 gerekti\u011fini yineliyor. Bilhassa G\u00f6ztepe, Kartal, Fikirtepe, Uzun\u00e7ay\u0131r, Mecidiyek\u00f6y ve Ka\u011f\u0131thane b\u00f6lgelerinde ya\u015fayanlar\u0131n s\u0131hhat tedbirlerini art\u0131rmas\u0131 tavsiye ediliyor.<\/p>\n<p><b>\u0130stanbul\u2019un 6 Kritik Noktas\u0131nda Hava Kalitesi D\u00fc\u015f\u00fck<\/b><\/p>\n<p>Afrika\u2019dan gelen y\u00fcksek bas\u0131n\u00e7 sistemlerinin tesiriyle \u0130stanbul\u2019da bir hafta boyunca ya\u011f\u0131\u015f beklenmiyor. Lakin, bu durumun yol a\u00e7t\u0131\u011f\u0131 sis ve pus, \u0130stanbul\u2019un bir\u00e7ok b\u00f6lgesinde hava kirlili\u011fini daha da art\u0131racak. Bilhassa sanayi ve trafik kaynakl\u0131 emisyonlar\u0131n a\u011f\u0131r oldu\u011fu bu alt\u0131 b\u00f6lgede ya\u015fayanlar i\u00e7in uzmanlar, maske kullan\u0131m\u0131 ve d\u0131\u015far\u0131 \u00e7\u0131kmama teklifinde bulunuyor.<\/p>\n","protected":false},"excerpt":{"rendered":"<p>\u0130stanbul\u2019da bir hafta boyunca tesirli olmas\u0131 beklenen sis ve pus, hava kalitesini \u00f6nemli formda d\u00fc\u015f\u00fcr\u00fcyor. G\u00f6ztepe, Kartal, Fikirtepe, Uzun\u00e7ay\u0131r, Mecidiyek\u00f6y ve Ka\u011f\u0131thane hava kalitesinin en d\u00fc\u015f\u00fck oldu\u011fu b\u00f6lgeler olarak \u00f6ne \u00e7\u0131k\u0131yor. Uzmanlar, bilhassa kronik rahats\u0131zl\u0131\u011f\u0131 bulunanlar ve \u00e7ocuklar i\u00e7in kritik bir ihtarda bulundu:<br \/>\n&#8220;Sabah ve ak\u015fam saatlerinde m\u00fcmk\u00fcn olmad\u0131k\u00e7a d\u0131\u015far\u0131 \u00e7\u0131kmay\u0131n!&#8221;<\/p>\n","protected":false},"author":1,"featured_media":21882,"comment_status":"open","ping_status":"open","sticky":false,"template":"","format":"standard","meta":{"footnotes":""},"categories":[25],"tags":[161,3421,380,204,1141],"class_list":["post-21881","post","type-post","status-publish","format-standard","has-post-thumbnail","hentry","category-gundem","tag-hava","tag-hava-kirliligi","tag-istanbul","tag-ozdemir","tag-sanayi"],"_links":{"self":[{"href":"https:\/\/ikimisli.tr\/index.php\/wp-json\/wp\/v2\/posts\/21881","targetHints":{"allow":["GET"]}}],"collection":[{"href":"https:\/\/ikimisli.tr\/index.php\/wp-json\/wp\/v2\/posts"}],"about":[{"href":"https:\/\/ikimisli.tr\/index.php\/wp-json\/wp\/v2\/types\/post"}],"author":[{"embeddable":true,"href":"https:\/\/ikimisli.tr\/index.php\/wp-json\/wp\/v2\/users\/1"}],"replies":[{"embeddable":true,"href":"https:\/\/ikimisli.tr\/index.php\/wp-json\/wp\/v2\/comments?post=21881"}],"version-history":[{"count":1,"href":"https:\/\/ikimisli.tr\/index.php\/wp-json\/wp\/v2\/posts\/21881\/revisions"}],"predecessor-version":[{"id":21885,"href":"https:\/\/ikimisli.tr\/index.php\/wp-json\/wp\/v2\/posts\/21881\/revisions\/21885"}],"wp:featuredmedia":[{"embeddable":true,"href":"https:\/\/ikimisli.tr\/index.php\/wp-json\/wp\/v2\/media\/21882"}],"wp:attachment":[{"href":"https:\/\/ikimisli.tr\/index.php\/wp-json\/wp\/v2\/media?parent=21881"}],"wp:term":[{"taxonomy":"category","embeddable":true,"href":"https:\/\/ikimisli.tr\/index.php\/wp-json\/wp\/v2\/categories?post=21881"},{"taxonomy":"post_tag","embeddable":true,"href":"https:\/\/ikimisli.tr\/index.php\/wp-json\/wp\/v2\/tags?post=21881"}],"curies":[{"name":"wp","href":"https:\/\/api.w.org\/{rel}","templated":true}]}}