{"id":21925,"date":"2025-04-03T00:00:05","date_gmt":"2025-04-03T00:00:05","guid":{"rendered":"https:\/\/ikimisli.tr\/?p=21925"},"modified":"2025-04-03T00:00:05","modified_gmt":"2025-04-03T00:00:05","slug":"kartalkayadaki-otel-faciasinda-olenlerin-ailelerini-arayarak-dalga-gecenlere-tutuklama","status":"publish","type":"post","link":"https:\/\/ikimisli.tr\/index.php\/2025\/04\/03\/kartalkayadaki-otel-faciasinda-olenlerin-ailelerini-arayarak-dalga-gecenlere-tutuklama\/","title":{"rendered":"Kartalkaya&#8217;daki otel facias\u0131nda \u00f6lenlerin ailelerini arayarak dalga ge\u00e7enlere tutuklama"},"content":{"rendered":"<p>Sosyal medyada infiale neden olan Bolu Grand Kartal Otel yang\u0131n\u0131 facias\u0131nda vefat edenlerin ailelerinin aranarak dalga ge\u00e7ildi\u011fi sav\u0131 \u00fczerine ba\u015flat\u0131lan soru\u015fturmada birinci tutuklamalar geldi&#8230;<\/p>\n<p>Yang\u0131nda \u00f6mr\u00fcn\u00fc yitirenlere y\u00f6nelik aksiyonlar\u0131 nedeniyle g\u00f6zalt\u0131na al\u0131nan F.A.&#8217;n\u0131n (20) Nev\u015fehir Emniyet M\u00fcd\u00fcrl\u00fc\u011f\u00fcndeki s\u00fcre\u00e7leri tamamland\u0131.<\/p>\n<p>Nev\u015fehir Devlet Hastanesindeki s\u0131hhat denetiminin akabinde adliyeye sevk edilen F.A., \u00e7\u0131kar\u0131ld\u0131\u011f\u0131 hakimlik\u00e7e tutukland\u0131.<\/p>\n<p>\u015e\u00fcpheli F.A.&#8217;n\u0131n, yang\u0131nda vefat edenler ve yak\u0131nlar\u0131na ili\u015fkin ferd\u00ee bilgilerin hukuka ters formda payla\u015f\u0131ld\u0131\u011f\u0131 toplumsal medya platformundaki k\u00fcmenin y\u00f6neticisi oldu\u011fu \u00f6\u011frenildi.<\/p>\n<p>\u0130\u00e7i\u015fleri Bakan\u0131 Ali Yerlikaya, 26 Ocak&#8217;ta yapt\u0131\u011f\u0131 a\u00e7\u0131klamada, Kartalkaya&#8217;daki otel yang\u0131n\u0131nda vefat edenlere bir toplumsal medya platformu \u00fczerinden &#8220;\u00e7irkin ve ahlak d\u0131\u015f\u0131 kelamlar sarf eden&#8221;, onlara ve yak\u0131nlar\u0131na ili\u015fkin ferd\u00ee datalar\u0131 hukuka kar\u015f\u0131t formda payla\u015fan ve yak\u0131nlar\u0131n\u0131 arayarak ac\u0131 durumlar\u0131n\u0131 istismar ettikleri \u00f6ne s\u00fcr\u00fclen \u015fah\u0131slardan Aksaray&#8217;da ikamet eden B.M.D. (21), Nev\u015fehir&#8217;de ikamet eden F.A. ve Bitlis&#8217;te ikamet eden D.D.&#8217;nin (19) g\u00f6zalt\u0131na al\u0131nd\u0131\u011f\u0131n\u0131 duyurmu\u015ftu.<\/p>\n<p>Otel yang\u0131n\u0131nda can verenlerin ailelerini arayarak hakaret eden 3 \u015f\u00fcpheliden ikisi tutukland\u0131, bir ku\u015fkulu hakk\u0131nda isimli denetim kararlar\u0131 uyguland\u0131.<\/p>\n","protected":false},"excerpt":{"rendered":"<p>Kartalkaya&#8217;daki otel facias\u0131nda hayat\u0131n\u0131 kaybeden bireylerin yak\u0131nlar\u0131n\u0131 arayarak dalga ge\u00e7en ve o anlar\u0131 toplumsal medyadan payla\u015fanlardan ikisi tutukland\u0131.<\/p>\n","protected":false},"author":1,"featured_media":21926,"comment_status":"open","ping_status":"open","sticky":false,"template":"","format":"standard","meta":{"footnotes":""},"categories":[25],"tags":[4077],"class_list":["post-21925","post","type-post","status-publish","format-standard","has-post-thumbnail","hentry","category-gundem","tag-eden"],"_links":{"self":[{"href":"https:\/\/ikimisli.tr\/index.php\/wp-json\/wp\/v2\/posts\/21925","targetHints":{"allow":["GET"]}}],"collection":[{"href":"https:\/\/ikimisli.tr\/index.php\/wp-json\/wp\/v2\/posts"}],"about":[{"href":"https:\/\/ikimisli.tr\/index.php\/wp-json\/wp\/v2\/types\/post"}],"author":[{"embeddable":true,"href":"https:\/\/ikimisli.tr\/index.php\/wp-json\/wp\/v2\/users\/1"}],"replies":[{"embeddable":true,"href":"https:\/\/ikimisli.tr\/index.php\/wp-json\/wp\/v2\/comments?post=21925"}],"version-history":[{"count":1,"href":"https:\/\/ikimisli.tr\/index.php\/wp-json\/wp\/v2\/posts\/21925\/revisions"}],"predecessor-version":[{"id":21927,"href":"https:\/\/ikimisli.tr\/index.php\/wp-json\/wp\/v2\/posts\/21925\/revisions\/21927"}],"wp:featuredmedia":[{"embeddable":true,"href":"https:\/\/ikimisli.tr\/index.php\/wp-json\/wp\/v2\/media\/21926"}],"wp:attachment":[{"href":"https:\/\/ikimisli.tr\/index.php\/wp-json\/wp\/v2\/media?parent=21925"}],"wp:term":[{"taxonomy":"category","embeddable":true,"href":"https:\/\/ikimisli.tr\/index.php\/wp-json\/wp\/v2\/categories?post=21925"},{"taxonomy":"post_tag","embeddable":true,"href":"https:\/\/ikimisli.tr\/index.php\/wp-json\/wp\/v2\/tags?post=21925"}],"curies":[{"name":"wp","href":"https:\/\/api.w.org\/{rel}","templated":true}]}}