{"id":2195,"date":"2025-01-08T21:06:49","date_gmt":"2025-01-08T21:06:49","guid":{"rendered":"https:\/\/ikimisli.tr\/?p=2195"},"modified":"2025-01-08T21:06:49","modified_gmt":"2025-01-08T21:06:49","slug":"7-yasindaki-gelecegin-yildizi-feci-kazada-hayatini-kaybetti","status":"publish","type":"post","link":"https:\/\/ikimisli.tr\/index.php\/2025\/01\/08\/7-yasindaki-gelecegin-yildizi-feci-kazada-hayatini-kaybetti\/","title":{"rendered":"7 ya\u015f\u0131ndaki gelece\u011fin y\u0131ld\u0131z\u0131 feci kazada hayat\u0131n\u0131 kaybetti"},"content":{"rendered":"<p>Motosiklet d\u00fcnyas\u0131, Hollanda&#8217;da ya\u015fanan trajik bir kay\u0131pla sars\u0131ld\u0131. \u015eimdi 7 ya\u015f\u0131nda olan Sid Veijer, idman s\u0131ras\u0131nda ya\u015fad\u0131\u011f\u0131 kaza sonucu hayat\u0131n\u0131 kaybetti.<\/p>\n<p><b>TAL\u0130HS\u0130Z KAZA VE TEDAV\u0130 S\u00dcREC\u0130<\/b><\/p>\n<p>Sid Veijer, Hollanda&#8217;daki kapal\u0131 bir karting pistinde k\u00fc\u00e7\u00fck motosikletiyle idman yaparken \u00f6nemli bir kaza ge\u00e7irdi. Ba\u015f\u0131ndan ve y\u00fcz\u00fcnden a\u011f\u0131r halde yaralanan gen\u00e7 yetenek, \u00e7abucak hastaneye kald\u0131r\u0131ld\u0131. Durumu kritik olan Veijer, ailesinin de a\u00e7\u0131klad\u0131\u011f\u0131 \u00fczere birden fazla ameliyat ge\u00e7irdi.<\/p>\n<p>Ancak t\u00fcm m\u00fcdahalelere kar\u015f\u0131n, Sid pazar g\u00fcn\u00fc hayat sava\u015f\u0131n\u0131 kaybetti. Ailesi, toplumsal medya \u00fczerinden yapt\u0131\u011f\u0131 a\u00e7\u0131klamada, \u201cSid aslan \u00fczere sava\u015ft\u0131. Son ana kadar onunla birlikte gayret ettik. Tabipler ve hem\u015fireler elinden geleni yapt\u0131\u201d tabirlerini kulland\u0131.<\/p>\n<p><b>GELECE\u011e\u0130N YILDIZIYDI<\/b><\/p>\n<p>Sid Veijer, Hollanda&#8217;da motosiklet sporunun parlayan yeteneklerinden biri olarak kabul ediliyordu. Ekim ay\u0131 ba\u015f\u0131nda Minimoto Junior A kategorisinde Hollanda \u015fampiyonu olarak b\u00fcy\u00fck bir muvaffakiyete imza atm\u0131\u015ft\u0131.<\/p>\n<p><b>KUZEN\u0130 COLL\u0130N VEIJER&#8217;DEN DUYGUSAL VEDA<\/b><\/p>\n<p>Sid, Moto3 s\u0131n\u0131f\u0131nda yar\u0131\u015fan ve 2024 d\u00f6neminde Moto2\u2019ye ge\u00e7i\u015f yapacak olan \u00fcnl\u00fc motosiklet\u00e7i Collin Veijer\u2019in de ye\u011feniydi. Collin, Sid\u2019in vefat\u0131n\u0131n akabinde toplumsal medya hesab\u0131ndan duygusal bir payla\u015f\u0131mda bulundu:<\/p>\n<p><strong>\u201cElinden gelenin en d\u00fczg\u00fcn\u00fcn\u00fc yaparak sava\u015ft\u0131n, lakin bu kuvvetli gayretin galibi olamad\u0131n. Senin kuzenin olmaktan gurur duyuyorum ve birlikte ge\u00e7irdi\u011fimiz o e\u011flenceli anlar\u0131 asla unutmayaca\u011f\u0131m. Seni hi\u00e7bir vakit unutmayaca\u011f\u0131m. \u00c7aban bana daha da ilham veriyor. Seni seviyorum Sid.\u201d<\/strong><\/p>\n<p><b>SPOR TOPLULU\u011eUNDA DER\u0130N \u00dcZ\u00dcNT\u00dc<\/b><\/p>\n<p>Sid Veijer\u2019in gen\u00e7 ya\u015fta hayata veda etmesi, motosiklet d\u00fcnyas\u0131nda derin keder yaratt\u0131. Hollanda motosiklet toplulu\u011fu, gen\u00e7 yetene\u011fin kayb\u0131n\u0131n akabinde taziye bildirileri yay\u0131nlad\u0131. Sid\u2019in an\u0131s\u0131na d\u00fczenlenecek etkinliklerle, onun miras\u0131n\u0131n ya\u015fat\u0131lmas\u0131 planlan\u0131yor.<\/p>\n","protected":false},"excerpt":{"rendered":"<p>Hollanda&#8217;daki kapal\u0131 bir karting pistinde k\u00fc\u00e7\u00fck motosikletiyle idman yapan 7 ya\u015f\u0131ndaki Sid Veijer ge\u00e7irdi\u011fi kaza sonras\u0131 hayat\u0131n\u0131 kaybetti. \u00dcnl\u00fc motosiklet\u00e7i Collin Veijer\u2019in ye\u011feni olan minik Sid gelece\u011fin y\u0131ld\u0131z\u0131 olarak g\u00f6steriliyordu.<\/p>\n","protected":false},"author":1,"featured_media":2196,"comment_status":"open","ping_status":"open","sticky":false,"template":"","format":"standard","meta":{"footnotes":""},"categories":[30],"tags":[541,65,540],"class_list":["post-2195","post","type-post","status-publish","format-standard","has-post-thumbnail","hentry","category-spor","tag-hollanda","tag-motosiklet","tag-sid"],"_links":{"self":[{"href":"https:\/\/ikimisli.tr\/index.php\/wp-json\/wp\/v2\/posts\/2195","targetHints":{"allow":["GET"]}}],"collection":[{"href":"https:\/\/ikimisli.tr\/index.php\/wp-json\/wp\/v2\/posts"}],"about":[{"href":"https:\/\/ikimisli.tr\/index.php\/wp-json\/wp\/v2\/types\/post"}],"author":[{"embeddable":true,"href":"https:\/\/ikimisli.tr\/index.php\/wp-json\/wp\/v2\/users\/1"}],"replies":[{"embeddable":true,"href":"https:\/\/ikimisli.tr\/index.php\/wp-json\/wp\/v2\/comments?post=2195"}],"version-history":[{"count":1,"href":"https:\/\/ikimisli.tr\/index.php\/wp-json\/wp\/v2\/posts\/2195\/revisions"}],"predecessor-version":[{"id":2197,"href":"https:\/\/ikimisli.tr\/index.php\/wp-json\/wp\/v2\/posts\/2195\/revisions\/2197"}],"wp:featuredmedia":[{"embeddable":true,"href":"https:\/\/ikimisli.tr\/index.php\/wp-json\/wp\/v2\/media\/2196"}],"wp:attachment":[{"href":"https:\/\/ikimisli.tr\/index.php\/wp-json\/wp\/v2\/media?parent=2195"}],"wp:term":[{"taxonomy":"category","embeddable":true,"href":"https:\/\/ikimisli.tr\/index.php\/wp-json\/wp\/v2\/categories?post=2195"},{"taxonomy":"post_tag","embeddable":true,"href":"https:\/\/ikimisli.tr\/index.php\/wp-json\/wp\/v2\/tags?post=2195"}],"curies":[{"name":"wp","href":"https:\/\/api.w.org\/{rel}","templated":true}]}}