{"id":21964,"date":"2025-04-03T02:12:08","date_gmt":"2025-04-03T02:12:08","guid":{"rendered":"https:\/\/ikimisli.tr\/?p=21964"},"modified":"2025-04-03T02:12:08","modified_gmt":"2025-04-03T02:12:08","slug":"kolombiya-geri-adim-atti-abd-gocmenleri-gonderdi","status":"publish","type":"post","link":"https:\/\/ikimisli.tr\/index.php\/2025\/04\/03\/kolombiya-geri-adim-atti-abd-gocmenleri-gonderdi\/","title":{"rendered":"Kolombiya geri ad\u0131m att\u0131, ABD g\u00f6\u00e7menleri g\u00f6nderdi"},"content":{"rendered":"<p>Kolombiya Hava Kuvvetlerine ili\u015fkin iki u\u00e7ak, ortalar\u0131nda bayan ve \u00e7ocuklar\u0131n da bulundu\u011fu 201 sistemsiz g\u00f6\u00e7meni, Bogota&#8217;daki askeri havaalan\u0131na getirdi.<\/p>\n<p>G\u00f6\u00e7menler, havaalan\u0131nda Cumhurba\u015fkanl\u0131\u011f\u0131, D\u0131\u015fi\u015fleri Bakanl\u0131\u011f\u0131, Kolombiya Hava-Uzay Kuvvetleri, G\u00f6\u00e7menlik Ofisi, Kolombiya Aile Refah\u0131 Enstit\u00fcs\u00fc, Ombudsmanl\u0131k Ofisi, Bogota Belediye Ba\u015fkanl\u0131\u011f\u0131 ve Kolombiya K\u0131z\u0131lha\u00e7\u0131 yetkilileri taraf\u0131ndan kar\u015f\u0131land\u0131.<\/p>\n<p>Kolombiya Cumhurba\u015fkan\u0131 Gustavo Petro, toplumsal medya platformu X&#8217;te yapt\u0131\u011f\u0131 a\u00e7\u0131klamada, \u015fu tabirleri kulland\u0131:<\/p>\n<p>&#8220;Onlar Kolombiyal\u0131, \u00f6zg\u00fcr ve onurlu bireylerdir; sevdikleri ana vatanlar\u0131na d\u00f6nd\u00fcler. G\u00f6\u00e7menler hatal\u0131 de\u011fildir; \u00e7al\u0131\u015fmak, ilerlemek ve hayatlar\u0131n\u0131 s\u00fcrd\u00fcrmek isteyen insanlard\u0131r.&#8221;<\/p>\n<p>Yetkililer, g\u00f6\u00e7menlere gerekli dayana\u011f\u0131n sa\u011flanaca\u011f\u0131n\u0131, kentlerine itimatla d\u00f6nebilmeleri i\u00e7in her t\u00fcrl\u00fc tedbirin al\u0131naca\u011f\u0131n\u0131 bildirdi.<\/p>\n<p>ABD&#8217;den hudut d\u0131\u015f\u0131 edilecek Kolombiyal\u0131 g\u00f6\u00e7menlerin kademeli olarak \u00fclkeye getirilmesi bekleniyor.<\/p>\n<p><img decoding=\"async\" src=\"https:\/\/ikimisli.tr\/wp-content\/uploads\/2025\/04\/kolombiya-geri-adim-atti-abd-gocmenleri-gonderdi-0-fNDsPOM5.jpg\"\/><\/p>\n<p><b>NE OLMU\u015eTU?<\/b><\/p>\n<p>Kolombiya Cumhurba\u015fkan\u0131 Petro, ABD&#8217;den hudut d\u0131\u015f\u0131 edilen ve Kolombiyal\u0131 g\u00f6\u00e7menleri ta\u015f\u0131yan u\u00e7aklar\u0131n 26 Ocak&#8217;ta \u00fclkeye ini\u015fine m\u00fcsaade vermemi\u015fti.<\/p>\n<p>Petro toplumsal medya hesab\u0131ndan yapt\u0131\u011f\u0131 a\u00e7\u0131klamada &#8220;ABD, Kolombiyal\u0131 g\u00f6\u00e7menlere hatal\u0131 muamelesi yapamaz. Kolombiyal\u0131 g\u00f6\u00e7menleri ta\u015f\u0131yan ABD u\u00e7aklar\u0131n\u0131n topraklar\u0131m\u0131za giri\u015fine m\u00fcsaade vermiyorum. Biz g\u00f6\u00e7menleri kabul etmeden evvel ABD&#8217;nin onlara onurlu formda muamele edilmesi i\u00e7in bir protokol olu\u015fturmas\u0131 gerekiyor.&#8221; ifadelerini kullanm\u0131\u015ft\u0131.<\/p>\n<p>ABD Ba\u015fkan\u0131 Donald Trump ise u\u00e7aklar\u0131n \u00fclkeye ini\u015fine m\u00fcsaade vermemesi nedeniyle Kolombiya&#8217;ya tarife ve yapt\u0131r\u0131m uygulanmas\u0131 talimat\u0131 vermi\u015fti.<\/p>\n<p>Kolombiya&#8217;dan ABD&#8217;ye giren t\u00fcm mallar i\u00e7in acil y\u00fczde 25 g\u00fcmr\u00fck vergisi uygulanmas\u0131n\u0131 isteyen Trump, bir hafta i\u00e7inde bu oran\u0131n y\u00fczde 50&#8217;ye y\u00fckseltilece\u011fini vurgulam\u0131\u015ft\u0131.<\/p>\n<p>ABD, Kolombiya devlet yetkilileri ve yak\u0131n aile bireyleri i\u00e7in vize k\u0131s\u0131tlamas\u0131 karar\u0131 ald\u0131\u011f\u0131n\u0131 duyurmu\u015ftu.<\/p>\n<p>Petro da X toplumsal medya hesab\u0131ndan yapt\u0131\u011f\u0131 a\u00e7\u0131klamada, Trump&#8217;\u0131n g\u00fcmr\u00fck vergisine misilleme yapaca\u011f\u0131n\u0131 a\u00e7\u0131klam\u0131\u015ft\u0131.<\/p>\n<p>Son olarak Beyaz Saray, Kolombiya&#8217;n\u0131n, ABD taraf\u0131ndan hava yoluyla hudut d\u0131\u015f\u0131 edilen sistemsiz g\u00f6\u00e7menleri ta\u015f\u0131yan u\u00e7aklar\u0131n \u00fclkeye ini\u015fini kabul etti\u011fini a\u00e7\u0131klam\u0131\u015ft\u0131.<\/p>\n","protected":false},"excerpt":{"rendered":"<p>Ge\u00e7ti\u011fimiz g\u00fcn ABD u\u00e7aklar\u0131n\u0131n hava alan\u0131na dahi girmesine m\u00fcsaade vermeyen Kolombiya, yapt\u0131r\u0131mlar sonras\u0131 geri ad\u0131m att\u0131. ABD, 201 Kolombiyal\u0131 sistemsiz g\u00f6\u00e7meni \u00fclkelerine g\u00f6nderdi.<\/p>\n","protected":false},"author":1,"featured_media":21965,"comment_status":"open","ping_status":"open","sticky":false,"template":"","format":"standard","meta":{"footnotes":""},"categories":[43],"tags":[82,4081,161,3873],"class_list":["post-21964","post","type-post","status-publish","format-standard","has-post-thumbnail","hentry","category-dunya","tag-abd","tag-gocmenler","tag-hava","tag-kolombiya"],"_links":{"self":[{"href":"https:\/\/ikimisli.tr\/index.php\/wp-json\/wp\/v2\/posts\/21964","targetHints":{"allow":["GET"]}}],"collection":[{"href":"https:\/\/ikimisli.tr\/index.php\/wp-json\/wp\/v2\/posts"}],"about":[{"href":"https:\/\/ikimisli.tr\/index.php\/wp-json\/wp\/v2\/types\/post"}],"author":[{"embeddable":true,"href":"https:\/\/ikimisli.tr\/index.php\/wp-json\/wp\/v2\/users\/1"}],"replies":[{"embeddable":true,"href":"https:\/\/ikimisli.tr\/index.php\/wp-json\/wp\/v2\/comments?post=21964"}],"version-history":[{"count":1,"href":"https:\/\/ikimisli.tr\/index.php\/wp-json\/wp\/v2\/posts\/21964\/revisions"}],"predecessor-version":[{"id":21967,"href":"https:\/\/ikimisli.tr\/index.php\/wp-json\/wp\/v2\/posts\/21964\/revisions\/21967"}],"wp:featuredmedia":[{"embeddable":true,"href":"https:\/\/ikimisli.tr\/index.php\/wp-json\/wp\/v2\/media\/21965"}],"wp:attachment":[{"href":"https:\/\/ikimisli.tr\/index.php\/wp-json\/wp\/v2\/media?parent=21964"}],"wp:term":[{"taxonomy":"category","embeddable":true,"href":"https:\/\/ikimisli.tr\/index.php\/wp-json\/wp\/v2\/categories?post=21964"},{"taxonomy":"post_tag","embeddable":true,"href":"https:\/\/ikimisli.tr\/index.php\/wp-json\/wp\/v2\/tags?post=21964"}],"curies":[{"name":"wp","href":"https:\/\/api.w.org\/{rel}","templated":true}]}}