{"id":22066,"date":"2025-04-03T07:48:07","date_gmt":"2025-04-03T07:48:07","guid":{"rendered":"https:\/\/ikimisli.tr\/?p=22066"},"modified":"2025-04-03T07:48:07","modified_gmt":"2025-04-03T07:48:07","slug":"maliyenin-corbasi","status":"publish","type":"post","link":"https:\/\/ikimisli.tr\/index.php\/2025\/04\/03\/maliyenin-corbasi\/","title":{"rendered":"Maliye&#8217;nin \u00e7orbas\u0131"},"content":{"rendered":"<p>Dar gelirli vatanda\u015f sofras\u0131na ne koyaca\u011f\u0131n\u0131 kara kara d\u00fc\u015f\u00fcn\u00fcrken, Hazine ve Maliye Bakanl\u0131\u011f\u0131, 12.5 milyon lira \u00f6dedi\u011fi yemek ihalesindeki \u00f6rnek m\u00f6n\u00fcye \u2019Minestrone \u00c7orbas\u0131\u2019\u2019 da ekledi. T\u00fcrkiye\u2019de pek bilinmeyen ve l\u00fcks \u0130talyan restoranlar\u0131nda bulunan \u00e7orba, fasulye, so\u011fan, kereviz, havu\u00e7, et yahut k\u0131yma, et suyu, parmesan peynir, pesto sos, yaprakl\u0131 sebzeler ve domates ile yap\u0131l\u0131yor. \u00dcnl\u00fc \u0130talyan yemek m\u00fcellifi Angelo Pellegrini, \u00e7orbada \u0130talya\u2019da yeti\u015fen \u2018\u2019Borlotti fasulyesi\u2019\u2019 kullan\u0131lmas\u0131 gerekti\u011fini yazm\u0131\u015ft\u0131.<\/p>\n<p><strong>3 G\u00dcN ET YEME\u011e\u0130<\/strong><\/p>\n<p>Bakanl\u0131k yemekhanesine al\u0131nacak m\u00f6n\u00fcde, haftan\u0131n 5 \u00e7al\u0131\u015fma g\u00fcn\u00fcnden 3\u2019\u00fcnde, et yemekleri olmas\u0131 istendi. K\u0131zartma, tas kebab\u0131, rosto, ka\u011f\u0131t kebab\u0131, biftek, \u0131zgara, kavurma \u00fczere etli yemek m\u00f6n\u00fcs\u00fcn\u00fcn 37 g\u00fcnl\u00fck maliyeti, 12 milyon 583 bin 226 TL oldu. 1550 i\u015f\u00e7inin bir g\u00fcnl\u00fck yeme\u011fi i\u00e7in 340 bin 87 TL \u00f6dendi.\u00a0 \u0130hale 2025 y\u0131l\u0131n\u0131n birinci 37 i\u015f g\u00fcn\u00fcnde 1550 i\u015f\u00e7i i\u00e7in 30 Aral\u0131k 2024\u2019te yap\u0131ld\u0131. MFS Yemek\u00e7ilik Turizm \u015eirketi ile mutabakat yap\u0131ld\u0131. Yemeklerde haftan\u0131n 5 \u00e7al\u0131\u015fma g\u00fcn\u00fcn\u00fcn \u00fc\u00e7\u00fcnde et olmas\u0131 istendi. Kontrata nazaran haftan\u0131n bir g\u00fcn\u00fc ha\u015flama, k\u0131zartma, tas kebab\u0131, rosto, ka\u011f\u0131t kebab\u0131, biftek, \u0131zgara, kavurma \u00fczere et yemekleri, kuru, sulu yahut soslu k\u00f6fte yemekleri, tavuk yahut bal\u0131k eti \u00fczere beyaz et yemekleri; haftan\u0131n iki g\u00fcn\u00fc mevsimine nazaran \u015foklanm\u0131\u015f kuru yahut taze etli zerzevat yemekleri verilecek. Ayda bir kere da, dana ha\u015flama, et d\u00f6ner, dana rosto, islim kebap; ayda bir sefer da k\u0131ymal\u0131 alinazik, k\u0131ymal\u0131 \u00e7\u00f6kertme, k\u0131ymal\u0131 pide, lahmacun, sosyete mant\u0131s\u0131 \u00fczere yemekler verilecek. \u00d6rnek men\u00fcde ise \u2018Minestrone \u00c7orbas\u0131\u2019 da yer ald\u0131.<\/p>\n<p><img decoding=\"async\" src=\"https:\/\/ikimisli.tr\/wp-content\/uploads\/2025\/04\/maliyenin-corbasi-0-xtTDGyCH.jpg\"\/><\/p>\n<p><em>28 Ocak\u2019ta yay\u0131nlanan haberimizde Bakanl\u0131k \u00e7al\u0131\u015fanlar\u0131n\u0131n kar\u0131nlar\u0131n\u0131 doyurdu\u011fu yemekleri, etin tad\u0131n\u0131 unutan emeklinin neden yiyemedi\u011fini sorgulam\u0131\u015ft\u0131k.<\/em><\/p>\n<p><b><span>\u2018Bakanl\u0131k \u00f6\u011flen yeme\u011fi yard\u0131m\u0131 veriyor\u2019<\/span><\/b><\/p>\n<p>Hazine ve Maliye Bakanl\u0131\u011f\u0131\u2019ndan gazetemizin d\u00fcnk\u00fc \u2018Emekliye Un \u00c7orbas\u0131 Bakana Sosyete Mant\u0131s\u0131\u2019 ba\u015fl\u0131kl\u0131 haberine ait a\u00e7\u0131klama geldi. A\u00e7\u0131klamada \u015fu tabirler kullan\u0131ld\u0131: \u201cDevlet Memurlar\u0131 Yiyecek Yard\u0131m\u0131 Y\u00f6netmeli\u011fi kararlar\u0131 \u00e7er\u00e7evesinde, Devlet Memurlar\u0131 Kanunu kapsam\u0131ndaki t\u00fcm kamu kurum ve kurulu\u015flar\u0131nda \u00e7al\u0131\u015fan devlet memurlar\u0131 ile kontratl\u0131 i\u015f\u00e7i i\u00e7in \u00f6\u011flen yeme\u011fi yard\u0131m\u0131 verilmektedir. Bu kapsamda, t\u00fcm bakanl\u0131klarda oldu\u011fu \u00fczere bakanl\u0131\u011f\u0131m\u0131z \u00e7al\u0131\u015fanlar\u0131na da \u00f6\u011fle yeme\u011fi yard\u0131m\u0131, hizmet al\u0131m\u0131 metoduyla temin etmektedir.\u201d Bakanl\u0131k haberimizdeki g\u00f6rsel kolaj\u0131 da ele\u015ftirdi.<\/p>\n","protected":false},"excerpt":{"rendered":"<p>Hazine ve Maliye Bakanl\u0131\u011f\u0131\u2019n\u0131n yemek ihalesinde \u00f6rnek men\u00fc olarak kontrata eklenen listede \u2018Minestrone \u00c7orbas\u0131\u2019n\u0131n yer almas\u0131 dikkat \u00e7ekti.<\/p>\n","protected":false},"author":1,"featured_media":22067,"comment_status":"open","ping_status":"open","sticky":false,"template":"","format":"standard","meta":{"footnotes":""},"categories":[24],"tags":[2495,89,1151,400],"class_list":["post-22066","post","type-post","status-publish","format-standard","has-post-thumbnail","hentry","category-ekonomi","tag-bakanlik","tag-gun","tag-yemegi","tag-yemek"],"_links":{"self":[{"href":"https:\/\/ikimisli.tr\/index.php\/wp-json\/wp\/v2\/posts\/22066","targetHints":{"allow":["GET"]}}],"collection":[{"href":"https:\/\/ikimisli.tr\/index.php\/wp-json\/wp\/v2\/posts"}],"about":[{"href":"https:\/\/ikimisli.tr\/index.php\/wp-json\/wp\/v2\/types\/post"}],"author":[{"embeddable":true,"href":"https:\/\/ikimisli.tr\/index.php\/wp-json\/wp\/v2\/users\/1"}],"replies":[{"embeddable":true,"href":"https:\/\/ikimisli.tr\/index.php\/wp-json\/wp\/v2\/comments?post=22066"}],"version-history":[{"count":1,"href":"https:\/\/ikimisli.tr\/index.php\/wp-json\/wp\/v2\/posts\/22066\/revisions"}],"predecessor-version":[{"id":22069,"href":"https:\/\/ikimisli.tr\/index.php\/wp-json\/wp\/v2\/posts\/22066\/revisions\/22069"}],"wp:featuredmedia":[{"embeddable":true,"href":"https:\/\/ikimisli.tr\/index.php\/wp-json\/wp\/v2\/media\/22067"}],"wp:attachment":[{"href":"https:\/\/ikimisli.tr\/index.php\/wp-json\/wp\/v2\/media?parent=22066"}],"wp:term":[{"taxonomy":"category","embeddable":true,"href":"https:\/\/ikimisli.tr\/index.php\/wp-json\/wp\/v2\/categories?post=22066"},{"taxonomy":"post_tag","embeddable":true,"href":"https:\/\/ikimisli.tr\/index.php\/wp-json\/wp\/v2\/tags?post=22066"}],"curies":[{"name":"wp","href":"https:\/\/api.w.org\/{rel}","templated":true}]}}