{"id":22097,"date":"2025-04-03T09:36:06","date_gmt":"2025-04-03T09:36:06","guid":{"rendered":"https:\/\/ikimisli.tr\/?p=22097"},"modified":"2025-04-03T09:36:06","modified_gmt":"2025-04-03T09:36:06","slug":"abdye-kacak-gidenler-yandi-beyaz-saraydan-net-mesaj","status":"publish","type":"post","link":"https:\/\/ikimisli.tr\/index.php\/2025\/04\/03\/abdye-kacak-gidenler-yandi-beyaz-saraydan-net-mesaj\/","title":{"rendered":"ABD&#8217;ye ka\u00e7ak gidenler yand\u0131! Beyaz Saray\u2019dan net mesaj"},"content":{"rendered":"<p>Yeni Beyaz Saray S\u00f6zc\u00fcs\u00fc Leavitt, Trump&#8217;\u0131n 2. periyot ba\u015fkanl\u0131\u011f\u0131n\u0131n birinci bas\u0131n brifinginde Beyaz Saray&#8217;da bas\u0131n mensuplar\u0131na g\u00fcndemi k\u0131ymetlendirdi.<\/p>\n<p>Bas\u0131n brifinginde y\u00fckl\u00fc olarak hudut g\u00fcvenli\u011fi, kimi federal fonlar\u0131n ask\u0131ya al\u0131nmas\u0131 ve iktisattaki ad\u0131mlar \u00fczere ba\u015fl\u0131klara de\u011finen Leavitt, Trump idaresi olarak bu bahislerin tamam\u0131nda net ad\u0131mlar att\u0131klar\u0131n\u0131 ve atmaya devam edeceklerini s\u00f6yledi.<\/p>\n<p>Leavitt, ABD sonlar\u0131ndan yasa d\u0131\u015f\u0131 olarak ge\u00e7en herkesin &#8220;su\u00e7lu&#8221; oldu\u011funu savunarak, bu bireylerin hudut d\u0131\u015f\u0131 edilece\u011fini kaydetti.<\/p>\n<p>Bug\u00fcne kadar hudut d\u0131\u015f\u0131 edilenlerin ka\u00e7\u0131n\u0131n hatal\u0131 oldu\u011funa ait bir soruya ise Leavitt, &#8220;Hepsi, zira ulusumuzun kanunlar\u0131n\u0131 \u00e7i\u011fnediler ve bu nedenle hatal\u0131lar. G\u00f6\u00e7menlik maddelerimizi \u00e7i\u011fneyen birini hatal\u0131 olarak g\u00f6rmek b\u00fcy\u00fck bir k\u00fclt\u00fcr de\u011fi\u015fimidir. \u015eayet ulusumuzun maddelerini \u00e7i\u011fnemi\u015flerse, evet, onlar birer hatal\u0131d\u0131r.&#8221; kar\u015f\u0131l\u0131\u011f\u0131n\u0131 verdi.<\/p>\n<p><b>Federal fonlar\u0131n ask\u0131ya al\u0131nmas\u0131<\/b><\/p>\n<p>Leavitt, Trump&#8217;\u0131n kimi federal fonlar\u0131n ask\u0131ya al\u0131nmas\u0131yla ilgili ba\u015fkanl\u0131k kararnamesine de a\u00e7\u0131kl\u0131k getirerek, ferd\u00ee olarak federal kurumlardan yard\u0131m alan hi\u00e7 kimsenin ald\u0131\u011f\u0131 yard\u0131m\u0131n kesilmeyece\u011fini lakin kimi federal kurumlar\u0131n fonlar\u0131n\u0131n Trump&#8217;\u0131n ajandas\u0131yla uyumlu olup olmad\u0131\u011f\u0131ndan emin olana kadar bu fonlar\u0131 durdurduklar\u0131n\u0131 belirtti.<\/p>\n<p>ABD&#8217;li s\u00f6zc\u00fc, &#8220;Burada birtak\u0131m federal fonlar\u0131n ask\u0131ya al\u0131nmas\u0131 yahut durdurulmas\u0131ndan bahsediyoruz, Lider Trump&#8217;\u0131n \u00f6ncelikleri ve siyasetleriyle uyumlu olup olmad\u0131klar\u0131na bak\u0131lacak.&#8221; de\u011ferlendirmesini yapt\u0131.<\/p>\n<p>Leavitt, durdurulan fonlardan ikisine \u00f6rnek verirken, ABD&#8217;nin D\u00fcnya S\u0131hhat \u00d6rg\u00fct\u00fcnden (DS\u00d6) ayr\u0131ld\u0131\u011f\u0131 i\u00e7in buraya tahsis edilen 37 milyon dolarl\u0131k fonun son anda engellendi\u011fini, ayr\u0131yeten evvelki Joe Biden idaresi periyodunda &#8220;Gazze&#8217;ye g\u00f6nderilecek prezervatifler&#8221; i\u00e7in ayr\u0131lan 50 milyon dolarl\u0131k fonun durduruldu\u011funu anlatt\u0131.<\/p>\n<p>Beyaz Saray S\u00f6zc\u00fcs\u00fc, Biden&#8217;\u0131n Husileri ter\u00f6r \u00f6rg\u00fctleri listesinden \u00e7\u0131karmas\u0131n\u0131n yan\u0131lg\u0131 oldu\u011funu ve kendilerinin bu karar\u0131 geri \u00e7evirdiklerini kaydetti.<\/p>\n<p>Leavitt ayr\u0131yeten, ABD&#8217;nin Birle\u015fmi\u015f Milletler Yak\u0131n Do\u011fu&#8217;daki Filistinli M\u00fcltecilere Yard\u0131m ve Bay\u0131nd\u0131rl\u0131k Ajans\u0131na (UNRWA) fon aktarmas\u0131n\u0131n m\u00fcmk\u00fcn olmad\u0131\u011f\u0131n\u0131, bu hususta da gerekeni yapacaklar\u0131n\u0131 s\u00f6yledi.<\/p>\n<p><b>Beyaz Saray &#8220;yeni medya&#8221; \u00fcyelerine de a\u00e7\u0131lacak<\/b><\/p>\n<p>\u00d6te yandan 27 ya\u015f\u0131ndaki ABD&#8217;li s\u00f6zc\u00fc Leavitt, Trump periyodunda Beyaz Saray bas\u0131n odas\u0131n\u0131n bundan sonra yaln\u0131zca medya kurulu\u015flar\u0131na de\u011fil, birebir vakitte &#8220;yeni medya&#8221; olarak nitelendirdi\u011fi ba\u011f\u0131ms\u0131z gazetecilere, dijital haber platformlar\u0131na ve toplumsal medya i\u00e7erik \u00fcreticilerine de a\u00e7\u0131k olaca\u011f\u0131n\u0131 belirtti.<\/p>\n<p>Leavitt, bas\u0131n brifingleri ba\u015flarken yeni medya muhabirlerinden soru alaca\u011f\u0131n\u0131 ve klasik medyan\u0131n yan\u0131 s\u0131ra dijital platformlar ile toplumsal medyaya da soru hakk\u0131 verece\u011fini s\u00f6yledi.<\/p>\n","protected":false},"excerpt":{"rendered":"<p>Donald Trump idaresi ABD&#8217;de g\u00f6\u00e7men av\u0131n\u0131 s\u00fcrd\u00fcr\u00fcyor&#8230; Beyaz Saray S\u00f6zc\u00fcs\u00fc Karoline Leavitt, g\u00fcney hududundan giren sistemsiz g\u00f6\u00e7menlerin ABD maddelerini \u00e7i\u011fnedikleri i\u00e7in hepsinin &#8220;su\u00e7lu&#8221; oldu\u011funu ve m\u00fcnasebetiyle yakaland\u0131klar\u0131nda hudut d\u0131\u015f\u0131 edileceklerini s\u00f6yledi.<\/p>\n","protected":false},"author":1,"featured_media":22098,"comment_status":"open","ping_status":"open","sticky":false,"template":"","format":"standard","meta":{"footnotes":""},"categories":[43],"tags":[4087,4088,2753,922,131],"class_list":["post-22097","post","type-post","status-publish","format-standard","has-post-thumbnail","hentry","category-dunya","tag-federal","tag-fon","tag-medya","tag-suclu","tag-trump"],"_links":{"self":[{"href":"https:\/\/ikimisli.tr\/index.php\/wp-json\/wp\/v2\/posts\/22097","targetHints":{"allow":["GET"]}}],"collection":[{"href":"https:\/\/ikimisli.tr\/index.php\/wp-json\/wp\/v2\/posts"}],"about":[{"href":"https:\/\/ikimisli.tr\/index.php\/wp-json\/wp\/v2\/types\/post"}],"author":[{"embeddable":true,"href":"https:\/\/ikimisli.tr\/index.php\/wp-json\/wp\/v2\/users\/1"}],"replies":[{"embeddable":true,"href":"https:\/\/ikimisli.tr\/index.php\/wp-json\/wp\/v2\/comments?post=22097"}],"version-history":[{"count":1,"href":"https:\/\/ikimisli.tr\/index.php\/wp-json\/wp\/v2\/posts\/22097\/revisions"}],"predecessor-version":[{"id":22099,"href":"https:\/\/ikimisli.tr\/index.php\/wp-json\/wp\/v2\/posts\/22097\/revisions\/22099"}],"wp:featuredmedia":[{"embeddable":true,"href":"https:\/\/ikimisli.tr\/index.php\/wp-json\/wp\/v2\/media\/22098"}],"wp:attachment":[{"href":"https:\/\/ikimisli.tr\/index.php\/wp-json\/wp\/v2\/media?parent=22097"}],"wp:term":[{"taxonomy":"category","embeddable":true,"href":"https:\/\/ikimisli.tr\/index.php\/wp-json\/wp\/v2\/categories?post=22097"},{"taxonomy":"post_tag","embeddable":true,"href":"https:\/\/ikimisli.tr\/index.php\/wp-json\/wp\/v2\/tags?post=22097"}],"curies":[{"name":"wp","href":"https:\/\/api.w.org\/{rel}","templated":true}]}}