{"id":22172,"date":"2025-04-03T14:00:10","date_gmt":"2025-04-03T14:00:10","guid":{"rendered":"https:\/\/ikimisli.tr\/?p=22172"},"modified":"2025-04-03T14:00:10","modified_gmt":"2025-04-03T14:00:10","slug":"zorunluluga-uymayan-isveren-tazminat-odemek-zorunda","status":"publish","type":"post","link":"https:\/\/ikimisli.tr\/index.php\/2025\/04\/03\/zorunluluga-uymayan-isveren-tazminat-odemek-zorunda\/","title":{"rendered":"Zorunlulu\u011fa uymayan i\u015fveren tazminat \u00f6demek zorunda"},"content":{"rendered":"<p>Cumhurba\u015fkan\u0131 Erdo\u011fan, Aile Y\u0131l\u0131 kapsam\u0131nda kre\u015f takviyesini yayg\u0131nla\u015ft\u0131racaklar\u0131n\u0131 duyurdu. Cumhurba\u015fkan\u0131 Yard\u0131mc\u0131s\u0131 Cevdet Y\u0131lmaz da, bayan istihdam\u0131n\u0131 destekleyen fiyats\u0131z ve d\u00fc\u015f\u00fck maliyetli kre\u015f hizmetlerini art\u0131racaklar\u0131n\u0131 a\u00e7\u0131klad\u0131.<\/p>\n<p>Habert\u00fcrk&#8217;ten Ahmet K\u0131van\u00e7, patronlar\u0131n kre\u015f zorunlulu\u011fuyla ilgili merak edilenleri yazd\u0131, \u0130\u015fyerlerinde kre\u015f mecburili\u011fi, \u0130\u015f Sa\u011fl\u0131\u011f\u0131 ve G\u00fcvenli\u011fi Kanunu ve ilgili y\u00f6netmeliklere dayan\u0131r. 150&#8217;den fazla bayan \u00e7al\u0131\u015fan\u0131 olan i\u015fyerlerinde, 0-6 ya\u015f ortas\u0131 \u00e7ocuklar\u0131n bak\u0131m\u0131 i\u00e7in kre\u015f a\u00e7mak gerekir. Kre\u015f i\u015fyerine 250 metreden uzaksa, patron ta\u015f\u0131ma hizmeti sa\u011flamak zorundad\u0131r.<\/p>\n<p><b>KRE\u015e A\u00c7MA Y\u00d6NTEMLER\u0130\u00a0<\/b><\/p>\n<p>\u0130\u015fveren kre\u015fi tek ba\u015f\u0131na a\u00e7mak zorunda de\u011fildir. \u00d6b\u00fcr i\u015fyerleriyle ortakla\u015fa kre\u015f a\u00e7abilir yahut kamu taraf\u0131ndan yetkilendirilmi\u015f kre\u015flerle mutabakat yapabilir. Kre\u015f a\u00e7ma y\u00fck\u00fcml\u00fcl\u00fc\u011f\u00fc, i\u015fyerlerindeki toplam bayan \u00e7al\u0131\u015fan say\u0131s\u0131na nazaran belirlenir.<\/p>\n<p><b>KRE\u015e H\u0130ZMET\u0130 VE VERG\u0130 \u0130ND\u0130R\u0130M\u0130\u00a0<\/b><\/p>\n<p>Kre\u015flerde \u00e7ocuklar 9-24 ay, 25-48 ay ve 49 ay+ k\u00fcmelere ayr\u0131l\u0131r. \u00c7ocuklar i\u015fba\u015f\u0131 \u00f6ncesi b\u0131rak\u0131l\u0131r, i\u015f bitiminde al\u0131n\u0131r. Patronlar kre\u015f hizmeti sa\u011flad\u0131\u011f\u0131nda, \u00e7al\u0131\u015fanlar i\u00e7in vergi indirimi uygulan\u0131r. Kre\u015f hizmeti nakit yard\u0131m olarak sa\u011flan\u0131rsa, bu \u00f6deme gelir vergisine tabidir.<\/p>\n<p><b>ERKEK \u00c7ALI\u015eANLAR \u0130\u00c7\u0130N KRE\u015e YARDIMI\u00a0<\/b><\/p>\n<p>Erkek \u00e7al\u0131\u015fanlar, sadece annesi vefat etmi\u015f yahut \u00e7ocu\u011fun velayeti babaya verilmi\u015fse kre\u015f yard\u0131m\u0131ndan yararlanabilir. Ayr\u0131yeten, patron erkek \u00e7al\u0131\u015fanlar\u0131 i\u00e7in de kre\u015f hizmeti verebilir, fakat bu durumda vergi muafiyeti uygulanmaz.<\/p>\n<p><b>KRE\u015e ZORUNLULU\u011eUNA UYMAYAN PATRONLARA KAR\u015eI HAKLAR\u00a0<\/b><\/p>\n<p>\u0130\u015fveren, kre\u015f y\u00fck\u00fcml\u00fcl\u00fc\u011f\u00fcne uymazsa, 150&#8217;den fazla bayan \u00e7al\u0131\u015fan\u0131 olan i\u015fyerinde, 0-6 ya\u015f ortas\u0131ndaki \u00e7ocuklar\u0131 olan bayan \u00e7al\u0131\u015fanlar, i\u015f akdini hakl\u0131 nedenle feshedip k\u0131dem tazminat\u0131 talep edebilirler. Fakat, i\u015f akdinin feshi i\u00e7in patronun y\u00fck\u00fcml\u00fcl\u00fc\u011f\u00fcn\u00fc yerine getirmedi\u011fi konusunda yaz\u0131l\u0131 ihtar yap\u0131lmas\u0131 gerekir.<\/p>\n","protected":false},"excerpt":{"rendered":"<p>\u00c7al\u0131\u015fanlar\u0131 ortas\u0131nda en az 150 bayan bulunan i\u015fyerlerinde kre\u015f a\u00e7mak mecburidir. Patron, kre\u015fi kendisi a\u00e7abilece\u011fi \u00fczere, \u00f6b\u00fcr patronlarla ortakla\u015fa ya da hizmet sat\u0131n alarak da bu y\u00fck\u00fcml\u00fcl\u00fc\u011f\u00fc yerine getirebilir. Kre\u015f sa\u011flanmazsa, \u00e7al\u0131\u015fanlar k\u0131dem tazminat\u0131 alarak i\u015ften ayr\u0131lma hakk\u0131na sahiptir.<\/p>\n","protected":false},"author":1,"featured_media":22173,"comment_status":"open","ping_status":"open","sticky":false,"template":"","format":"standard","meta":{"footnotes":""},"categories":[24],"tags":[594,4097,524,179,513],"class_list":["post-22172","post","type-post","status-publish","format-standard","has-post-thumbnail","hentry","category-ekonomi","tag-calisan","tag-hizmeti","tag-is","tag-kadin","tag-kres"],"_links":{"self":[{"href":"https:\/\/ikimisli.tr\/index.php\/wp-json\/wp\/v2\/posts\/22172","targetHints":{"allow":["GET"]}}],"collection":[{"href":"https:\/\/ikimisli.tr\/index.php\/wp-json\/wp\/v2\/posts"}],"about":[{"href":"https:\/\/ikimisli.tr\/index.php\/wp-json\/wp\/v2\/types\/post"}],"author":[{"embeddable":true,"href":"https:\/\/ikimisli.tr\/index.php\/wp-json\/wp\/v2\/users\/1"}],"replies":[{"embeddable":true,"href":"https:\/\/ikimisli.tr\/index.php\/wp-json\/wp\/v2\/comments?post=22172"}],"version-history":[{"count":1,"href":"https:\/\/ikimisli.tr\/index.php\/wp-json\/wp\/v2\/posts\/22172\/revisions"}],"predecessor-version":[{"id":22174,"href":"https:\/\/ikimisli.tr\/index.php\/wp-json\/wp\/v2\/posts\/22172\/revisions\/22174"}],"wp:featuredmedia":[{"embeddable":true,"href":"https:\/\/ikimisli.tr\/index.php\/wp-json\/wp\/v2\/media\/22173"}],"wp:attachment":[{"href":"https:\/\/ikimisli.tr\/index.php\/wp-json\/wp\/v2\/media?parent=22172"}],"wp:term":[{"taxonomy":"category","embeddable":true,"href":"https:\/\/ikimisli.tr\/index.php\/wp-json\/wp\/v2\/categories?post=22172"},{"taxonomy":"post_tag","embeddable":true,"href":"https:\/\/ikimisli.tr\/index.php\/wp-json\/wp\/v2\/tags?post=22172"}],"curies":[{"name":"wp","href":"https:\/\/api.w.org\/{rel}","templated":true}]}}