{"id":22221,"date":"2025-04-03T16:24:13","date_gmt":"2025-04-03T16:24:13","guid":{"rendered":"https:\/\/ikimisli.tr\/?p=22221"},"modified":"2025-04-03T16:24:13","modified_gmt":"2025-04-03T16:24:13","slug":"altin-icin-geri-sayim-basladi-piyasalar-o-saate-kilitlendi","status":"publish","type":"post","link":"https:\/\/ikimisli.tr\/index.php\/2025\/04\/03\/altin-icin-geri-sayim-basladi-piyasalar-o-saate-kilitlendi\/","title":{"rendered":"Alt\u0131n i\u00e7in geri say\u0131m ba\u015flad\u0131: Piyasalar o saate kilitlendi"},"content":{"rendered":"<p>K\u00fcresel piyasalarda merakla beklenen Fed faiz karar\u0131 bug\u00fcn a\u00e7\u0131klanacak. Fed 22.00&#8217;de y\u0131l\u0131n birinci faiz karar\u0131n\u0131 a\u00e7\u0131klayacak. Fed&#8217;in faizlerde nas\u0131l bir ad\u0131m ataca\u011f\u0131 piyasalar taraf\u0131ndan merakla bekleniyor. Fed&#8217;in kritik karar\u0131 sonras\u0131nda Fed Ba\u015fkan\u0131 Powell a\u00e7\u0131klamalarda bulunacak.\u00a0<\/p>\n<p>2024&#8217;\u00fcn son toplant\u0131s\u0131nda siyaset faizini 25 baz puan d\u00fc\u015f\u00fcrerek y\u00fczde 4,25-4,50 aral\u0131\u011f\u0131na indiren ABD Merkez Bankas\u0131&#8217;n\u0131n bu ay verece\u011fi faiz karar\u0131, global piyasalara yine istikamet verebilir.<\/p>\n<p>Uzmanlar, Fed&#8217;in, faiz indirimleri i\u00e7in uzun m\u00fchlet bekleyebilece\u011fini hatta faiz art\u0131r\u0131mlar\u0131n\u0131n bile kelam konusu olabilece\u011fi \u00f6ng\u00f6r\u00fcs\u00fcnde bulundu.<\/p>\n<p>Alt\u0131n fiyatlar\u0131 y\u0131l\u0131n birinci Fed faiz karar\u0131 \u00f6ncesinde yatay seyrediyor. D\u00fcn\u00fc 2 bin 733 dolar ile 2 bin 765 dolar aral\u0131\u011f\u0131nda ge\u00e7iren ons alt\u0131n g\u00fcn\u00fc 2 bin 763 dolarda tamamlad\u0131. Yeni g\u00fcnde ise sabah seans\u0131nda 09.12&#8217;de 2 bin 760 dolarda bulunuyor.<\/p>\n<p><img decoding=\"async\" src=\"https:\/\/ikimisli.tr\/wp-content\/uploads\/2025\/04\/altin-icin-geri-sayim-basladi-piyasalar-o-saate-kilitlendi-0-NBynyyxk.jpg\"\/><\/p>\n<p><b>GRAM ALTINDA SON DURUM<\/b><\/p>\n<p>Gram alt\u0131n, dolar\/TL kurunda g\u00f6r\u00fclen \u00fcst tarafl\u0131 seyir ve ons alt\u0131nda y\u00fckseli\u015flerin tesiriyle, taraf\u0131n\u0131 \u00fcst \u00e7evirdi.<\/p>\n<p>D\u00fcn\u00fc 3 bin 134 lira ile 3 bin 178 lira aral\u0131\u011f\u0131nda ge\u00e7iren gram alt\u0131n g\u00fcn\u00fc 2 bin 172 liradan tamamlad\u0131. Yeni g\u00fcnde ise sabah seans\u0131nda birebir saat diliminde 3 bin 174 lirada bulunuyor.<\/p>\n<p><img decoding=\"async\" src=\"https:\/\/ikimisli.tr\/wp-content\/uploads\/2025\/04\/altin-icin-geri-sayim-basladi-piyasalar-o-saate-kilitlendi-1-ndhHDCgZ.jpg\"\/><\/p>\n<p><b>KAPALI\u00c7AR\u015eI ALTIN F\u0130YATLARI<\/b><\/p>\n<p>Kapal\u0131\u00e7ar\u015f\u0131 alt\u0131n fiyatlar\u0131 ile resmi alt\u0131n fiyatlar\u0131 ortas\u0131nda farkl\u0131l\u0131k g\u00f6r\u00fcl\u00fcyor. Resmi say\u0131larda 3 bin 174 lira olan gram alt\u0131n Kapal\u0131\u00e7ar\u015f\u0131&#8217;da 3 bin 193 lirada bulunuyor. \u0130\u015fte Kapal\u0131\u00e7ar\u015f\u0131 alt\u0131n fiyatlar\u0131&#8230;<\/p>\n<p><img decoding=\"async\" src=\"https:\/\/ikimisli.tr\/wp-content\/uploads\/2025\/04\/altin-icin-geri-sayim-basladi-piyasalar-o-saate-kilitlendi-2-qO8y3PfS.jpg\"\/><\/p>\n","protected":false},"excerpt":{"rendered":"<p>Piyasalarda kritik g\u00fcn geldi \u00e7att\u0131. Yat\u0131r\u0131mc\u0131lar ak\u015fam  22.00&#8217;ye kilitlendi. Fed&#8217;in y\u0131l\u0131n birinci faiz karar\u0131 \u00f6ncesinde alt\u0131n fiyatlar\u0131nda son durum ne?  Alt\u0131n fiyatlar\u0131 nas\u0131l etkilenecek? \u0130\u015fte t\u00fcm ayr\u0131nt\u0131lar&#8230;<\/p>\n","protected":false},"author":1,"featured_media":22222,"comment_status":"open","ping_status":"open","sticky":false,"template":"","format":"standard","meta":{"footnotes":""},"categories":[24],"tags":[782,155,176,1477,174],"class_list":["post-22221","post","type-post","status-publish","format-standard","has-post-thumbnail","hentry","category-ekonomi","tag-altin","tag-dolar","tag-faiz","tag-fed","tag-lira"],"_links":{"self":[{"href":"https:\/\/ikimisli.tr\/index.php\/wp-json\/wp\/v2\/posts\/22221","targetHints":{"allow":["GET"]}}],"collection":[{"href":"https:\/\/ikimisli.tr\/index.php\/wp-json\/wp\/v2\/posts"}],"about":[{"href":"https:\/\/ikimisli.tr\/index.php\/wp-json\/wp\/v2\/types\/post"}],"author":[{"embeddable":true,"href":"https:\/\/ikimisli.tr\/index.php\/wp-json\/wp\/v2\/users\/1"}],"replies":[{"embeddable":true,"href":"https:\/\/ikimisli.tr\/index.php\/wp-json\/wp\/v2\/comments?post=22221"}],"version-history":[{"count":1,"href":"https:\/\/ikimisli.tr\/index.php\/wp-json\/wp\/v2\/posts\/22221\/revisions"}],"predecessor-version":[{"id":22226,"href":"https:\/\/ikimisli.tr\/index.php\/wp-json\/wp\/v2\/posts\/22221\/revisions\/22226"}],"wp:featuredmedia":[{"embeddable":true,"href":"https:\/\/ikimisli.tr\/index.php\/wp-json\/wp\/v2\/media\/22222"}],"wp:attachment":[{"href":"https:\/\/ikimisli.tr\/index.php\/wp-json\/wp\/v2\/media?parent=22221"}],"wp:term":[{"taxonomy":"category","embeddable":true,"href":"https:\/\/ikimisli.tr\/index.php\/wp-json\/wp\/v2\/categories?post=22221"},{"taxonomy":"post_tag","embeddable":true,"href":"https:\/\/ikimisli.tr\/index.php\/wp-json\/wp\/v2\/tags?post=22221"}],"curies":[{"name":"wp","href":"https:\/\/api.w.org\/{rel}","templated":true}]}}