{"id":22287,"date":"2025-04-03T20:00:20","date_gmt":"2025-04-03T20:00:20","guid":{"rendered":"https:\/\/ikimisli.tr\/?p=22287"},"modified":"2025-04-03T20:00:20","modified_gmt":"2025-04-03T20:00:20","slug":"israil-suriyede-isgal-ettigi-bolgelerde-suresiz-kalacagini-duyurdu","status":"publish","type":"post","link":"https:\/\/ikimisli.tr\/index.php\/2025\/04\/03\/israil-suriyede-isgal-ettigi-bolgelerde-suresiz-kalacagini-duyurdu\/","title":{"rendered":"\u0130srail, Suriye&#8217;de i\u015fgal etti\u011fi b\u00f6lgelerde s\u00fcresiz kalaca\u011f\u0131n\u0131 duyurdu"},"content":{"rendered":"<p>\u0130srail Savunma Bakan\u0131 Sal\u0131 g\u00fcn\u00fc yapt\u0131\u011f\u0131 a\u00e7\u0131klamada, \u0130srail g\u00fc\u00e7lerinin ge\u00e7en y\u0131l Be\u015far Esad rejiminin \u00e7\u00f6k\u00fc\u015f\u00fcyle birlikte ele ge\u00e7irdi\u011fi Suriye&#8217;deki b\u00f6lgelerde s\u00fcresiz olarak kalaca\u011f\u0131n\u0131 duyurdu.<\/p>\n<p>\u0130srail, i\u015fgallerinin ba\u015flang\u0131c\u0131nda Suriye&#8217;yle olan sonlar\u0131nda askerden ar\u0131nd\u0131r\u0131lm\u0131\u015f tampon b\u00f6lgesine yapt\u0131\u011f\u0131 m\u00fcdahaleyi s\u00fcreksiz bir tedbir olarak tan\u0131mlam\u0131\u015ft\u0131.<\/p>\n<p>Aral\u0131k ay\u0131nda Esad rejiminin y\u0131k\u0131lmas\u0131n\u0131n akabinde b\u00f6lgede olu\u015fan g\u00fc\u00e7 bo\u015flu\u011funu d\u00fc\u015fman \u00f6gelerin doldurmas\u0131n\u0131 \u00f6nlemek emeliyle ger\u00e7ekle\u015ftirildi\u011fi belirtilmi\u015fti. Buradaki k\u00f6yleri ve yerle\u015fimleri i\u015fgal eden \u0130srail, Bahar&#8217;a hakikat buradan \u00e7\u0131kaca\u011f\u0131n\u0131 duyurmu\u015ftu.<\/p>\n<p>Ancak Sal\u0131 g\u00fcn\u00fc Suriye taraf\u0131nda Hermon Da\u011f\u0131\u2019n\u0131 ziyaret eden \u0130srail Katz, &#8220;Hermon tepesinde ve b\u00f6lgede s\u00fcresiz olarak kalaca\u011f\u0131z. Golan Tepeleri\u2019nin, kuzeydeki yerle\u015fimlerin ve t\u00fcm \u0130srail vatanda\u015flar\u0131n\u0131n g\u00fcvenli\u011fini sa\u011flamak bizim \u00f6nceli\u011fimizdir&#8221; dedi.<\/p>\n<p>&#8220;Savunmam\u0131z konusunda di\u011ferlerine ba\u011f\u0131ml\u0131 olmayaca\u011f\u0131z. Ne burada ne de di\u011fer bir yerde&#8221; diyen Katz, &#8220;G\u00fcney Suriye\u2019de g\u00fcvenlik b\u00f6lgesinde d\u00fc\u015fman g\u00fc\u00e7lerin konu\u015flanmas\u0131na m\u00fcsaade vermeyece\u011fiz ve rastgele bir tehdide kar\u015f\u0131 harekete ge\u00e7ece\u011fiz.&#8221; diye ekledi.<\/p>\n<p><img decoding=\"async\" src=\"https:\/\/ikimisli.tr\/wp-content\/uploads\/2025\/04\/israil-suriyede-isgal-ettigi-bolgelerde-suresiz-kalacagini-duyurdu-0-3ka4ab88.png\"\/><\/p>\n<p><b>SUR\u0130YE SESS\u0130Z KALIYOR<\/b><\/p>\n<p>Suriye yetkilileri Katz\u2019\u0131n a\u00e7\u0131klamalar\u0131na cevap vermedi. Ancak \u00fclkenin fiili lideri Ahmet el-\u015earaa, bu ay yapt\u0131\u011f\u0131 a\u00e7\u0131klamada \u0130srail\u2019in &#8220;toprak i\u015fgaline mazeret \u00fcretmeye \u00e7al\u0131\u015ft\u0131\u011f\u0131n\u0131&#8221; s\u00f6yledi.<\/p>\n<p>Suriyeli yetkililer tekraren \u0130srail ile yeni bir \u00e7at\u0131\u015fmaya girmek istemediklerini, \u00fclkenin tekrar in\u015fas\u0131na odaklanmay\u0131 tercih ettiklerini lisana getirdi.<\/p>\n<p>\u0130srail ordusu ge\u00e7en ay Suriye&#8217;ye girerek Golan Tepeleri\u2019nden tanklar ve piyade birlikleriyle tampon b\u00f6lgeyi a\u015farak ilerledi.<\/p>\n<p>Bu harekat kapsam\u0131nda \u0130srail komandolar\u0131, Golan Tepeleri&#8217;ndeki en y\u00fcksek askeri noktalardan biri olan Cebel el-\u015eeyh\u2019i ele ge\u00e7irdi.<\/p>\n<p>\u0130srail Ba\u015fbakan\u0131 Binyamin Netanyahu, 1974\u2019te \u0130srail ile Suriye ortas\u0131nda imzalanan ate\u015fkes mutabakat\u0131n\u0131n &#8220;\u00e7\u00f6kt\u00fc\u011f\u00fcn\u00fc&#8221; ve \u0130srail ordusunun b\u00f6lgede olu\u015fan bo\u015flu\u011fu militan k\u00fcmelerin doldurmas\u0131n\u0131 engellemek i\u00e7in m\u00fcdahale etti\u011fini savundu.<\/p>\n<p><img decoding=\"async\" src=\"https:\/\/ikimisli.tr\/wp-content\/uploads\/2025\/04\/israil-suriyede-isgal-ettigi-bolgelerde-suresiz-kalacagini-duyurdu-1-DKgUjiZZ.png\"\/><\/p>\n<p><b>SUR\u0130YE&#8217;N\u0130N VERMED\u0130\u011e\u0130 YANSIYI, T\u00dcRK\u0130YE VERD\u0130\u00a0<\/b><\/p>\n<p>\u0130srail\u2019in Suriye&#8217;ye y\u00f6nelik geni\u015flemesi b\u00f6lgedeki bir\u00e7ok \u00fclke taraf\u0131ndan reaksiyonla kar\u015f\u0131land\u0131. T\u00fcrkiye, \u0130srail\u2019i &#8220;i\u015fgalci bir zihniyetle hareket etmekle&#8221; su\u00e7larken, M\u0131s\u0131r \u0130srail&#8217;in &#8220;Suriye\u2019deki bo\u015fluktan faydalanarak daha fazla toprak ele ge\u00e7irip milletleraras\u0131 hukuku ihlal etti\u011fini&#8221; belirtti.<\/p>\n<p>Birle\u015fmi\u015f Milletler\u2019in Suriye \u00f6zel temsilcisi Geir Pedersen, \u0130srail\u2019in att\u0131\u011f\u0131 ad\u0131mlar\u0131n Suriye\u2019de k\u0131r\u0131lgan bar\u0131\u015f s\u00fcrecini baltalayabilece\u011fi konusunda uyard\u0131.<\/p>\n<p>\u0130srail, 1967\u2019de Alt\u0131 G\u00fcn Sava\u015f\u0131 s\u0131ras\u0131nda Golan Tepeleri\u2019nin b\u00fcy\u00fck k\u0131sm\u0131n\u0131 ele ge\u00e7irdi ve 1981\u2019de b\u00f6lgeyi ilhak etti. Lakin milletleraras\u0131 toplum \u0130srail\u2019in bu topraklar \u00fczerindeki egemenli\u011fini tan\u0131m\u0131yor.<\/p>\n<p>\u00a0<\/p>\n","protected":false},"excerpt":{"rendered":"<p>\u0130srail Savunma Bakan\u0131, ge\u00e7en y\u0131l Esad rejiminin \u00e7\u00f6k\u00fc\u015f\u00fc sonras\u0131 ele ge\u00e7irilen Suriye topraklar\u0131ndan \u00e7ekilmeyeceklerini a\u00e7\u0131klad\u0131. Hermon Da\u011f\u0131\u2019nda konu\u015fan Savunma Bakan\u0131 \u0130srail Katz, &#8220;\u0130srail\u2019in Golan Doruklar\u0131 ve kuzeydeki yerle\u015fimlerin g\u00fcvenli\u011fini sa\u011flamak i\u00e7in b\u00f6lgede kalacaklar\u0131n\u0131&#8221; belirtti. Suriye&#8217;nin yeni idaresi ise, bu bahiste sessizli\u011fini koruyor.<\/p>\n","protected":false},"author":1,"featured_media":22288,"comment_status":"open","ping_status":"open","sticky":false,"template":"","format":"standard","meta":{"footnotes":""},"categories":[43],"tags":[80,295],"class_list":["post-22287","post","type-post","status-publish","format-standard","has-post-thumbnail","hentry","category-dunya","tag-israil","tag-suriye"],"_links":{"self":[{"href":"https:\/\/ikimisli.tr\/index.php\/wp-json\/wp\/v2\/posts\/22287","targetHints":{"allow":["GET"]}}],"collection":[{"href":"https:\/\/ikimisli.tr\/index.php\/wp-json\/wp\/v2\/posts"}],"about":[{"href":"https:\/\/ikimisli.tr\/index.php\/wp-json\/wp\/v2\/types\/post"}],"author":[{"embeddable":true,"href":"https:\/\/ikimisli.tr\/index.php\/wp-json\/wp\/v2\/users\/1"}],"replies":[{"embeddable":true,"href":"https:\/\/ikimisli.tr\/index.php\/wp-json\/wp\/v2\/comments?post=22287"}],"version-history":[{"count":1,"href":"https:\/\/ikimisli.tr\/index.php\/wp-json\/wp\/v2\/posts\/22287\/revisions"}],"predecessor-version":[{"id":22291,"href":"https:\/\/ikimisli.tr\/index.php\/wp-json\/wp\/v2\/posts\/22287\/revisions\/22291"}],"wp:featuredmedia":[{"embeddable":true,"href":"https:\/\/ikimisli.tr\/index.php\/wp-json\/wp\/v2\/media\/22288"}],"wp:attachment":[{"href":"https:\/\/ikimisli.tr\/index.php\/wp-json\/wp\/v2\/media?parent=22287"}],"wp:term":[{"taxonomy":"category","embeddable":true,"href":"https:\/\/ikimisli.tr\/index.php\/wp-json\/wp\/v2\/categories?post=22287"},{"taxonomy":"post_tag","embeddable":true,"href":"https:\/\/ikimisli.tr\/index.php\/wp-json\/wp\/v2\/tags?post=22287"}],"curies":[{"name":"wp","href":"https:\/\/api.w.org\/{rel}","templated":true}]}}