{"id":22358,"date":"2025-04-03T23:24:06","date_gmt":"2025-04-03T23:24:06","guid":{"rendered":"https:\/\/ikimisli.tr\/?p=22358"},"modified":"2025-04-03T23:24:06","modified_gmt":"2025-04-03T23:24:06","slug":"monttan-516-gram-kokain-cikti","status":"publish","type":"post","link":"https:\/\/ikimisli.tr\/index.php\/2025\/04\/03\/monttan-516-gram-kokain-cikti\/","title":{"rendered":"Monttan 516 gram kokain \u00e7\u0131kt\u0131"},"content":{"rendered":"<p>\u0130l Emniyet M\u00fcd\u00fcrl\u00fc\u011f\u00fc Narkotik Kabahatlerle U\u011fra\u015f \u015eubesi tak\u0131mlar\u0131, \u0130stanbul&#8217;dan yola \u00e7\u0131kan ve uyu\u015fturucu bulundu\u011fu belirlenen t\u0131r\u0131, Tarsus-Adana-Gaziantep (TAG) Otoyolu&#8217;nun merkez Seyhan il\u00e7esi yak\u0131n\u0131nda olu\u015fturulan uygulama noktas\u0131nda durdurdu.<\/p>\n<p>Ekipler, \u015fof\u00f6r F\u0131rat O. (26) ile yan\u0131ndaki Diyar G. (23) ve Resul O&#8217;yu (33) t\u0131rdan indirip narkotik dedekt\u00f6r k\u00f6pe\u011fi &#8220;Barbara&#8221; ile arama yapt\u0131. Dedekt\u00f6r k\u00f6pe\u011fin arac\u0131n kabin k\u0131sm\u0131na reaksiyon vermesi \u00fczerine yap\u0131lan incelemede buradaki bir montun cebinde 516 gram kokain bulundu.<\/p>\n<p>\u015e\u00fcpheliler, uyu\u015fturucunun \u00e7\u0131kt\u0131\u011f\u0131 montun kendilerine ili\u015fkin olmad\u0131\u011f\u0131n\u0131 arg\u00fcman etti. Tak\u0131mlar, montun cebindeki c\u00fczdanda bulunan kimlikten montun Diyar G&#8217;ye ili\u015fkin oldu\u011funu belirledi.<\/p>\n<p>Bunun \u00fczerine \u00fc\u00e7 ku\u015fkulu de emniyete g\u00f6t\u00fcr\u00fcld\u00fc.<\/p>\n<p>S\u00fcr\u00fcc\u00fc F\u0131rat O, s\u00f6z\u00fcnde arkada\u015f\u0131 oldu\u011funu belirtti\u011fi Resul O&#8217;nun kom\u015fusu Diyar G. ile Adana&#8217;ya gelmek istedi\u011fini, bunun \u00fczerine ikisini arac\u0131na ald\u0131\u011f\u0131n\u0131 ve bulunan uyu\u015fturucudan haberinin olmad\u0131\u011f\u0131n\u0131 tez etti.<\/p>\n<p>Zanl\u0131 Diyar G. ise uyu\u015fturucunun Resul O&#8217;ya ili\u015fkin oldu\u011funu \u00f6ne s\u00fcrd\u00fc.<\/p>\n<p>\u0130\u015flemlerin akabinde adliyeye sevk edilen \u015f\u00fcphelilerden Resul O. ve Diyar G, \u00e7\u0131kar\u0131ld\u0131klar\u0131 n\u00f6bet\u00e7i sulh ceza hakimli\u011fince tutukland\u0131, s\u00fcr\u00fcc\u00fc F\u0131rat O. ise isimli denetim ko\u015fuluyla h\u00fcr b\u0131rak\u0131ld\u0131.<\/p>\n","protected":false},"excerpt":{"rendered":"<p>Adana&#8217;da durdurulan t\u0131rdaki bir montta 516 gram kokain yakaland\u0131. G\u00f6zalt\u0131na al\u0131nan 3 \u015f\u00fcpheliden 2&#8217;si tutukland\u0131.<\/p>\n","protected":false},"author":1,"featured_media":22359,"comment_status":"open","ping_status":"open","sticky":false,"template":"","format":"standard","meta":{"footnotes":""},"categories":[25],"tags":[4116],"class_list":["post-22358","post","type-post","status-publish","format-standard","has-post-thumbnail","hentry","category-gundem","tag-diyar"],"_links":{"self":[{"href":"https:\/\/ikimisli.tr\/index.php\/wp-json\/wp\/v2\/posts\/22358","targetHints":{"allow":["GET"]}}],"collection":[{"href":"https:\/\/ikimisli.tr\/index.php\/wp-json\/wp\/v2\/posts"}],"about":[{"href":"https:\/\/ikimisli.tr\/index.php\/wp-json\/wp\/v2\/types\/post"}],"author":[{"embeddable":true,"href":"https:\/\/ikimisli.tr\/index.php\/wp-json\/wp\/v2\/users\/1"}],"replies":[{"embeddable":true,"href":"https:\/\/ikimisli.tr\/index.php\/wp-json\/wp\/v2\/comments?post=22358"}],"version-history":[{"count":1,"href":"https:\/\/ikimisli.tr\/index.php\/wp-json\/wp\/v2\/posts\/22358\/revisions"}],"predecessor-version":[{"id":22360,"href":"https:\/\/ikimisli.tr\/index.php\/wp-json\/wp\/v2\/posts\/22358\/revisions\/22360"}],"wp:featuredmedia":[{"embeddable":true,"href":"https:\/\/ikimisli.tr\/index.php\/wp-json\/wp\/v2\/media\/22359"}],"wp:attachment":[{"href":"https:\/\/ikimisli.tr\/index.php\/wp-json\/wp\/v2\/media?parent=22358"}],"wp:term":[{"taxonomy":"category","embeddable":true,"href":"https:\/\/ikimisli.tr\/index.php\/wp-json\/wp\/v2\/categories?post=22358"},{"taxonomy":"post_tag","embeddable":true,"href":"https:\/\/ikimisli.tr\/index.php\/wp-json\/wp\/v2\/tags?post=22358"}],"curies":[{"name":"wp","href":"https:\/\/api.w.org\/{rel}","templated":true}]}}