{"id":22566,"date":"2025-04-04T11:48:07","date_gmt":"2025-04-04T11:48:07","guid":{"rendered":"https:\/\/ikimisli.tr\/?p=22566"},"modified":"2025-04-04T11:48:07","modified_gmt":"2025-04-04T11:48:07","slug":"borsa-istanbulda-gong-mopas-icin-caldi","status":"publish","type":"post","link":"https:\/\/ikimisli.tr\/index.php\/2025\/04\/04\/borsa-istanbulda-gong-mopas-icin-caldi\/","title":{"rendered":"Borsa \u0130stanbul&#8217;da gong Mopa\u015f i\u00e7in \u00e7ald\u0131"},"content":{"rendered":"<p>Mopa\u015f i\u00e7in d\u00fczenlenen gong merasimi, Borsa \u0130stanbul A\u015e Genel M\u00fcd\u00fcr\u00fc Korkmaz Ergun, Mopa\u015f Y\u00f6netim Kurulu Lideri Hac\u0131 Fer\u015fat Narman, Mopa\u015f Genel M\u00fcd\u00fcr\u00fc ve Y\u00f6netim Kurulu Lider Vekili Hac\u0131 Mustafa Narman, Mopa\u015f y\u00f6netim kurulu \u00fcyeleri Hac\u0131 Dursun Narman, Nedim Kurt, Bedrettin Demirer ve Murat Narman ile \u0130nfo Yat\u0131r\u0131m Menkul De\u011ferler Y\u00f6netim Kurulu Lideri Nam\u0131k Kemal G\u00f6kalp ve \u0130nfo Yat\u0131r\u0131m Genel M\u00fcd\u00fcr\u00fc Tarkan Akg\u00fcl&#8217;\u00fcn kat\u0131l\u0131m\u0131yla ger\u00e7ekle\u015ftirildi.<\/p>\n<p>T\u00f6rende konu\u015fan Borsa \u0130stanbul A\u015e Genel M\u00fcd\u00fcr\u00fc Ergun, &#8220;Mopa\u015f, g\u0131da perakendecili\u011findeki birikimiyle, markas\u0131yla, kesimindeki pozisyonuyla, olu\u015fan ma\u011faza zincirleriyle t\u00fcketicilerle bulu\u015fmaktad\u0131r. Bug\u00fcn ise borsam\u0131zda s\u00fcre\u00e7 g\u00f6rmeye ba\u015flayarak yat\u0131r\u0131mc\u0131larla bulu\u015facakt\u0131r. B\u00f6ylelikle b\u00fcy\u00fcmenin ve yat\u0131r\u0131mlar\u0131n\u0131n finansman\u0131n\u0131 sa\u011flaman\u0131n yan\u0131 s\u0131ra kurumsalla\u015fma ve tan\u0131n\u0131rl\u0131kta da de\u011ferli bir ad\u0131m atm\u0131\u015ft\u0131r. Ben bu halka arz\u0131n ger\u00e7ekle\u015fmesinde eme\u011fi ge\u00e7en herkese \u00e7ok te\u015fekk\u00fcr ediyorum. Mopa\u015f Market\u00e7ilik&#8217;e &#8216;borsam\u0131z ailesine be\u011fenilen geldiniz&#8217; diyor, sermaye piyasalar\u0131na iyi olmas\u0131n\u0131 diliyorum.&#8221; s\u00f6zlerini kulland\u0131.<\/p>\n<p><b><strong>&#8211; &#8220;T\u00fcrkiye iktisad\u0131na ve istihdam\u0131na katk\u0131 sa\u011flamaya devam edece\u011fiz&#8221;<\/strong><\/b><\/p>\n<p>Mopa\u015f Genel M\u00fcd\u00fcr\u00fc ve Y\u00f6netim Kurulu Lider Vekili Hac\u0131 Mustafa Narman da halka arz\u0131n, \u015firketin s\u00fcrd\u00fcr\u00fclebilir b\u00fcy\u00fcme gayesi yolunda att\u0131\u011f\u0131 de\u011ferli bir ad\u0131m oldu\u011funa inand\u0131\u011f\u0131n\u0131 belirtti.<\/p>\n<p>&#8220;Halka arz\u0131, Mopa\u015f ailesine kat\u0131lan yeni ortaklar\u0131m\u0131z ile birlikte daha da g\u00fc\u00e7lenen kurumsal kimli\u011fimizin, \u015feffafl\u0131k ve itimada dayal\u0131 gelecek vizyonumuzun da bir mod\u00fcl\u00fc olarak de\u011ferlendiriyorum. &#8221; diyen Narman, &#8220;T\u00fcm yat\u0131r\u0131mc\u0131lar\u0131m\u0131za, bize duyduklar\u0131 inan\u00e7 i\u00e7in te\u015fekk\u00fcr ediyorum. Bu de\u011ferli ad\u0131m, gelece\u011fe ait bizleri umutland\u0131r\u0131rken, motivasyonumuzu da art\u0131r\u0131yor. Gelecek devirde sermaye piyasalar\u0131n\u0131n g\u00fcc\u00fcn\u00fc ard\u0131m\u0131za alarak yeni yat\u0131r\u0131mlar\u0131m\u0131zla T\u00fcrkiye iktisad\u0131na ve istihdam\u0131na katk\u0131 sa\u011flamaya devam edece\u011fiz.&#8221; de\u011ferlendirmesini yapt\u0131.<\/p>\n<p>Mopa\u015f&#8217;\u0131n 2025 maksatlar\u0131 ve yat\u0131r\u0131m planlar\u0131na ait bilgi veren Narman, halka arzdan elde edilecek geliri, yeni ma\u011faza a\u00e7\u0131l\u0131\u015flar\u0131, mevcut ma\u011fazalar\u0131n yenilenmesi ve teknolojik altyap\u0131n\u0131n geli\u015ftirilmesi \u00fczere b\u00fcy\u00fcme odakl\u0131 yat\u0131r\u0131mlarda de\u011ferlendirmeyi planlad\u0131klar\u0131n\u0131 s\u00f6yledi.<\/p>\n<p>2025&#8217;te en az 10 yeni ma\u011faza a\u00e7may\u0131 ve buna ba\u011fl\u0131 olarak 200 ila 250 \u00e7al\u0131\u015fana yeni istihdam imkan\u0131 sa\u011flamay\u0131 hedeflediklerini kaydeden Narman, kelamlar\u0131n\u0131 \u015f\u00f6yle s\u00fcrd\u00fcrd\u00fc:<\/p>\n<p>&#8220;Organik b\u00fcy\u00fcmenin yan\u0131 s\u0131ra kesimde olu\u015fabilecek f\u0131rsatlar\u0131 da k\u0131ymetlendirerek inorganik formda b\u00fcy\u00fcme de gayelerimiz ortas\u0131nda yer al\u0131yor. Sa\u011flad\u0131\u011f\u0131m\u0131z finansman\u0131n s\u00fcratli b\u00fcy\u00fcmenin yan\u0131 s\u0131ra marka bilinirli\u011fimizin ve itibar\u0131m\u0131z\u0131n artmas\u0131, daha dinamik ve g\u00fc\u00e7l\u00fc bir yap\u0131ya kavu\u015farak daldaki pozisyonumuzun g\u00fc\u00e7lenmesi \u00fczere \u015firketimize k\u0131ymetli katk\u0131lar sunaca\u011f\u0131na inan\u0131yoruz. Gelecek periyotta dijitalle\u015fme yat\u0131r\u0131mlar\u0131m\u0131za da tart\u0131 vererek m\u00fc\u015fteri memnuniyetini \u00f6n planda tutarak ve taze eser odakl\u0131 yakla\u015f\u0131m\u0131m\u0131z\u0131 koruyarak b\u00f6l\u00fcmdeki hissemizi art\u0131rmay\u0131 hedefliyoruz.&#8221;<\/p>\n<p><b>&#8211; &#8220;236 bin 844 yat\u0131r\u0131mc\u0131ya da\u011f\u0131t\u0131m yap\u0131ld\u0131&#8221;<\/b><\/p>\n<p>\u0130nfo Yat\u0131r\u0131m Genel M\u00fcd\u00fcr\u00fc Tarkan Akg\u00fcl ise Mopa\u015f hisselerinin halka arz\u0131yla ilgili olarak toplamda 236 bin 844 yat\u0131r\u0131mc\u0131ya da\u011f\u0131t\u0131m yap\u0131ld\u0131\u011f\u0131n\u0131 aktararak, &#8220;Halka arz s\u00fcrecinin tamamlanmas\u0131yla birlikte sermaye piyasalar\u0131n\u0131n g\u00fcc\u00fcn\u00fc ard\u0131na alan Mopa\u015f\u2019\u0131n gelecek periyotta yeni yat\u0131r\u0131mlar ve projelerle muvaffakiyetlerini s\u00fcrd\u00fcrece\u011fine inan\u0131yoruz. \u0130nfo Yat\u0131r\u0131m olarak biz de ba\u015far\u0131l\u0131 \u015firketlerimizin halka arzlar\u0131na arac\u0131l\u0131k ederek yat\u0131r\u0131mc\u0131 say\u0131s\u0131n\u0131n artmas\u0131na, sermaye piyasalar\u0131m\u0131z\u0131n b\u00fcy\u00fcmesine ve derinle\u015fmesine katk\u0131da bulunmaya devam edece\u011fiz.&#8221; diye konu\u015ftu.<\/p>\n","protected":false},"excerpt":{"rendered":"<p>Mopa\u015f Market\u00e7ilik Besin Sanayi ve Ticaret A\u015e, Borsa \u0130stanbul&#8217;da d\u00fczenlenen gong merasimiyle Y\u0131ld\u0131z Pazar&#8217;da s\u00fcre\u00e7 g\u00f6rmeye ba\u015flad\u0131.<\/p>\n","protected":false},"author":1,"featured_media":22567,"comment_status":"open","ping_status":"open","sticky":false,"template":"","format":"standard","meta":{"footnotes":""},"categories":[24],"tags":[4152,783,4153,4151,360],"class_list":["post-22566","post","type-post","status-publish","format-standard","has-post-thumbnail","hentry","category-ekonomi","tag-arz","tag-buyume","tag-halka","tag-mopas","tag-yatirim"],"_links":{"self":[{"href":"https:\/\/ikimisli.tr\/index.php\/wp-json\/wp\/v2\/posts\/22566","targetHints":{"allow":["GET"]}}],"collection":[{"href":"https:\/\/ikimisli.tr\/index.php\/wp-json\/wp\/v2\/posts"}],"about":[{"href":"https:\/\/ikimisli.tr\/index.php\/wp-json\/wp\/v2\/types\/post"}],"author":[{"embeddable":true,"href":"https:\/\/ikimisli.tr\/index.php\/wp-json\/wp\/v2\/users\/1"}],"replies":[{"embeddable":true,"href":"https:\/\/ikimisli.tr\/index.php\/wp-json\/wp\/v2\/comments?post=22566"}],"version-history":[{"count":1,"href":"https:\/\/ikimisli.tr\/index.php\/wp-json\/wp\/v2\/posts\/22566\/revisions"}],"predecessor-version":[{"id":22568,"href":"https:\/\/ikimisli.tr\/index.php\/wp-json\/wp\/v2\/posts\/22566\/revisions\/22568"}],"wp:featuredmedia":[{"embeddable":true,"href":"https:\/\/ikimisli.tr\/index.php\/wp-json\/wp\/v2\/media\/22567"}],"wp:attachment":[{"href":"https:\/\/ikimisli.tr\/index.php\/wp-json\/wp\/v2\/media?parent=22566"}],"wp:term":[{"taxonomy":"category","embeddable":true,"href":"https:\/\/ikimisli.tr\/index.php\/wp-json\/wp\/v2\/categories?post=22566"},{"taxonomy":"post_tag","embeddable":true,"href":"https:\/\/ikimisli.tr\/index.php\/wp-json\/wp\/v2\/tags?post=22566"}],"curies":[{"name":"wp","href":"https:\/\/api.w.org\/{rel}","templated":true}]}}