{"id":22664,"date":"2025-04-04T17:24:05","date_gmt":"2025-04-04T17:24:05","guid":{"rendered":"https:\/\/ikimisli.tr\/?p=22664"},"modified":"2025-04-04T17:24:05","modified_gmt":"2025-04-04T17:24:05","slug":"fenerbahcenin-avrupa-kadrosu-belli-oldu-6-eksik","status":"publish","type":"post","link":"https:\/\/ikimisli.tr\/index.php\/2025\/04\/04\/fenerbahcenin-avrupa-kadrosu-belli-oldu-6-eksik\/","title":{"rendered":"Fenerbah\u00e7e&#8217;nin Avrupa kadrosu belli oldu! 6 eksik"},"content":{"rendered":"<p>Fenerbah\u00e7e Avrupa Ligi&#8217;nde yar\u0131n deplasmanda Midtjylland ile kar\u015f\u0131 kar\u015f\u0131ya gelecek.<\/p>\n<p>Sar\u0131-lacivertli kul\u00fcpten yap\u0131lan a\u00e7\u0131klamaya nazaran, sakatl\u0131klar\u0131 bulunan Dominik Livakovic, Mert M\u00fcld\u00fcr, Jayden Oosterwolde, Rodrigo Becao, cezal\u0131 Osayi-Samuel ve Sofyan Amrabat tak\u0131mda yer almad\u0131.<\/p>\n<p>Sakatl\u0131\u011f\u0131n\u0131 atlatan ve bir m\u00fcddettir grupla birlikte \u00e7al\u0131\u015fan \u0130smail Y\u00fcksek ise Midtjylland ma\u00e7\u0131n\u0131n tak\u0131m\u0131na al\u0131nd\u0131.<\/p>\n<p>Bug\u00fcn saat 14.30&#8217;da Sabiha G\u00f6k\u00e7en Havaliman\u0131&#8217;ndan kalkan \u00f6zel u\u00e7akla Danimarka&#8217;ya hareket eden Fenerbah\u00e7e&#8217;nin Midtjylland ma\u00e7\u0131 tak\u0131m\u0131nda \u015fu isimler yer al\u0131yor:<\/p>\n<p>\u0130rfan Can E\u011fribayat, Ertu\u011frul \u00c7etin, Engin Can Biterge, \u00c7a\u011flar S\u00f6y\u00fcnc\u00fc, Alexander Djiku, Yusuf Ak\u00e7i\u00e7ek, \u0130smail Y\u00fcksek, Fred, \u015e\u00fck\u00fcr To\u011frak, Mert Hakan Yanda\u015f, Sebastian Szymanski, Zeki Dursun, Yi\u011fit Buyruk Ekiz, Dusan Tadic, Cengiz \u00dcnder, \u0130rfan Can Kahveci, Allan Saint-Maximin, Edin Dzeko, Youssef En-Nesyri, Cenk Tosun.<\/p>\n","protected":false},"excerpt":{"rendered":"<p>UEFA Avrupa Ligi&#8217;nin sekizinci haftas\u0131nda yar\u0131n Danimarka&#8217;n\u0131n Midtjylland grubuyla kar\u015f\u0131la\u015facak Fenerbah\u00e7e&#8217;nin kamp tak\u0131m\u0131 muhakkak oldu.<\/p>\n","protected":false},"author":1,"featured_media":22665,"comment_status":"open","ping_status":"open","sticky":false,"template":"","format":"standard","meta":{"footnotes":""},"categories":[30],"tags":[],"class_list":["post-22664","post","type-post","status-publish","format-standard","has-post-thumbnail","hentry","category-spor"],"_links":{"self":[{"href":"https:\/\/ikimisli.tr\/index.php\/wp-json\/wp\/v2\/posts\/22664","targetHints":{"allow":["GET"]}}],"collection":[{"href":"https:\/\/ikimisli.tr\/index.php\/wp-json\/wp\/v2\/posts"}],"about":[{"href":"https:\/\/ikimisli.tr\/index.php\/wp-json\/wp\/v2\/types\/post"}],"author":[{"embeddable":true,"href":"https:\/\/ikimisli.tr\/index.php\/wp-json\/wp\/v2\/users\/1"}],"replies":[{"embeddable":true,"href":"https:\/\/ikimisli.tr\/index.php\/wp-json\/wp\/v2\/comments?post=22664"}],"version-history":[{"count":1,"href":"https:\/\/ikimisli.tr\/index.php\/wp-json\/wp\/v2\/posts\/22664\/revisions"}],"predecessor-version":[{"id":22666,"href":"https:\/\/ikimisli.tr\/index.php\/wp-json\/wp\/v2\/posts\/22664\/revisions\/22666"}],"wp:featuredmedia":[{"embeddable":true,"href":"https:\/\/ikimisli.tr\/index.php\/wp-json\/wp\/v2\/media\/22665"}],"wp:attachment":[{"href":"https:\/\/ikimisli.tr\/index.php\/wp-json\/wp\/v2\/media?parent=22664"}],"wp:term":[{"taxonomy":"category","embeddable":true,"href":"https:\/\/ikimisli.tr\/index.php\/wp-json\/wp\/v2\/categories?post=22664"},{"taxonomy":"post_tag","embeddable":true,"href":"https:\/\/ikimisli.tr\/index.php\/wp-json\/wp\/v2\/tags?post=22664"}],"curies":[{"name":"wp","href":"https:\/\/api.w.org\/{rel}","templated":true}]}}