{"id":22759,"date":"2025-04-04T23:12:08","date_gmt":"2025-04-04T23:12:08","guid":{"rendered":"https:\/\/ikimisli.tr\/?p=22759"},"modified":"2025-04-04T23:12:08","modified_gmt":"2025-04-04T23:12:08","slug":"son-dakika-figen-yuksekdagin-kardesi-evinde-olu-bulundu-iddiasi","status":"publish","type":"post","link":"https:\/\/ikimisli.tr\/index.php\/2025\/04\/04\/son-dakika-figen-yuksekdagin-kardesi-evinde-olu-bulundu-iddiasi\/","title":{"rendered":"Son Dakika&#8230; Figen Y\u00fcksekda\u011f&#8217;\u0131n karde\u015fi evinde \u00f6l\u00fc bulundu iddias\u0131"},"content":{"rendered":"<p>Son Dakika Haberi&#8230; Eski HDP E\u015f Genel Ba\u015fkan\u0131 Figen Y\u00fcksekda\u011f\u2019\u0131n karde\u015fi Saniye Y\u00fcksekda\u011f&#8217;\u0131n meskeninde meyyit bulundu\u011fu tez edildi.<\/p>\n<p><b>EV\u0130NDE MEYY\u0130T BULUNDU \u0130DD\u0130ASI<\/b><\/p>\n<p>Kocaeli Kand\u0131ra Cezaevi&#8217;nde 8 y\u0131ld\u0131r tutuklu bulunan Y\u00fcksekda\u011f\u2019\u0131n karde\u015fi Saniye Y\u00fcksekda\u011f, yar\u0131n Ceyhan&#8217;da topra\u011fa verilecek.<\/p>\n<p>MA&#8217;n\u0131n aktard\u0131\u011f\u0131na nazaran 3 g\u00fcnd\u00fcr kendisinden haber al\u0131namayan Saniye Y\u00fcksekda\u011f\u2019\u0131n yak\u0131nlar\u0131 polise haber verdi.<\/p>\n<p>\u0130hbar \u00fczerine olay yerine s\u0131hhat ve polis gruplar\u0131 sevk edildi. S\u0131hhat gruplar\u0131n\u0131n yapt\u0131\u011f\u0131 birinci incelemede, Saniye Y\u00fcksekda\u011f&#8217;\u0131n 3 g\u00fcn evvel hayat\u0131n\u0131 kaybetti\u011fi tespit edildi. Saniye Y\u00fcksekda\u011f&#8217;\u0131n cenazesi otopsi s\u00fcreci i\u00e7in Adana Adli T\u0131p Kurumu morguna kald\u0131r\u0131ld\u0131.<\/p>\n<p>\u00a0<\/p>\n","protected":false},"excerpt":{"rendered":"<p>Son Dakika&#8230; Kocaeli Kand\u0131ra Cezaevi&#8217;nde tutuklu bulunan HDP&#8217;nin eski E\u015f Genel Ba\u015fkan\u0131 Figen Y\u00fcksekda\u011f\u2019\u0131n karde\u015fi Saniye Y\u00fcksekda\u011f&#8217;\u0131n konutunda meyyit bulundu\u011fu sav edildi.<\/p>\n","protected":false},"author":1,"featured_media":22760,"comment_status":"open","ping_status":"open","sticky":false,"template":"","format":"standard","meta":{"footnotes":""},"categories":[25],"tags":[1770],"class_list":["post-22759","post","type-post","status-publish","format-standard","has-post-thumbnail","hentry","category-gundem","tag-saniye"],"_links":{"self":[{"href":"https:\/\/ikimisli.tr\/index.php\/wp-json\/wp\/v2\/posts\/22759","targetHints":{"allow":["GET"]}}],"collection":[{"href":"https:\/\/ikimisli.tr\/index.php\/wp-json\/wp\/v2\/posts"}],"about":[{"href":"https:\/\/ikimisli.tr\/index.php\/wp-json\/wp\/v2\/types\/post"}],"author":[{"embeddable":true,"href":"https:\/\/ikimisli.tr\/index.php\/wp-json\/wp\/v2\/users\/1"}],"replies":[{"embeddable":true,"href":"https:\/\/ikimisli.tr\/index.php\/wp-json\/wp\/v2\/comments?post=22759"}],"version-history":[{"count":1,"href":"https:\/\/ikimisli.tr\/index.php\/wp-json\/wp\/v2\/posts\/22759\/revisions"}],"predecessor-version":[{"id":22761,"href":"https:\/\/ikimisli.tr\/index.php\/wp-json\/wp\/v2\/posts\/22759\/revisions\/22761"}],"wp:featuredmedia":[{"embeddable":true,"href":"https:\/\/ikimisli.tr\/index.php\/wp-json\/wp\/v2\/media\/22760"}],"wp:attachment":[{"href":"https:\/\/ikimisli.tr\/index.php\/wp-json\/wp\/v2\/media?parent=22759"}],"wp:term":[{"taxonomy":"category","embeddable":true,"href":"https:\/\/ikimisli.tr\/index.php\/wp-json\/wp\/v2\/categories?post=22759"},{"taxonomy":"post_tag","embeddable":true,"href":"https:\/\/ikimisli.tr\/index.php\/wp-json\/wp\/v2\/tags?post=22759"}],"curies":[{"name":"wp","href":"https:\/\/api.w.org\/{rel}","templated":true}]}}