{"id":22762,"date":"2025-04-04T23:24:06","date_gmt":"2025-04-04T23:24:06","guid":{"rendered":"https:\/\/ikimisli.tr\/?p=22762"},"modified":"2025-04-04T23:24:06","modified_gmt":"2025-04-04T23:24:06","slug":"dervisoglu-gazeteciye-zulmun-tek-izahi-vardir-gidiyorlar","status":"publish","type":"post","link":"https:\/\/ikimisli.tr\/index.php\/2025\/04\/04\/dervisoglu-gazeteciye-zulmun-tek-izahi-vardir-gidiyorlar\/","title":{"rendered":"Dervi\u015fo\u011flu: &#8216;Gazeteciye zulm\u00fcn tek izah\u0131 vard\u0131r: Gidiyorlar!&#8217;"},"content":{"rendered":"<p>Dervi\u015fo\u011flu, partisinin TBMM K\u00fcme Toplant\u0131s\u0131&#8217;ndaki konu\u015fmas\u0131nda sanatkarlara, gazetecilere ve siyaset\u00e7ilere y\u00f6nelik bask\u0131lara de\u011finerek, &#8220;Sanat yapt\u0131\u011f\u0131 i\u00e7in sanatkara, haber yapt\u0131\u011f\u0131 i\u00e7in gazeteciye, siyaset yapt\u0131\u011f\u0131 i\u00e7in siyaset\u00e7iye reva g\u00f6rd\u00fckleri zulm\u00fcn tek bir izah\u0131 vard\u0131r: Gidiyorlar,&#8221; s\u00f6zlerini kulland\u0131.<\/p>\n<p><b><strong>&#8216;\u00c7OK TEHL\u0130KEL\u0130 B\u0130R OYUN OYNUYORLAR&#8217;<\/strong><\/b><\/p>\n<p>Dervi\u015fo\u011flu, yarg\u0131n\u0131n siyasalla\u015ft\u0131r\u0131ld\u0131\u011f\u0131n\u0131 \u00f6ne s\u00fcrerek, &#8220;Siyasalla\u015ft\u0131rd\u0131klar\u0131 yarg\u0131y\u0131 kendi ikbal ve istikballerinin k\u00f6lesi haline getirenler yapt\u0131klar\u0131 i\u015fin hangi sonu\u00e7lar\u0131 beraberinde getirece\u011fini de unutmas\u0131nlar&#8221; formunda konu\u015ftu.<\/p>\n<p>&#8220;\u015eimdi \u00e7ok tehlikeli bir oyun oynuyorlar. Milletimizi soka\u011fa \u00e7\u0131karsan\u0131z yakar\u0131z diye tehdit ederken soka\u011fa \u00e7\u0131ks\u0131nlar diye de tahrik ediyorlar.<\/p>\n<p>Art\u0131k biliyoruz kaos pe\u015findeler. Buradan hat\u0131rlat\u0131yorum. Siyaset tarihi g\u00f6stermi\u015ftir ki kaosu yaratanlar o kaosun alt\u0131nda kalmaya mahkumdurlar.<\/p>\n<p>\u00d6z milletine illet, zillet diyebilecek kadar g\u00f6z\u00fc kararm\u0131\u015f bir kibri buradan uyar\u0131yorum. B\u00fcy\u00fck T\u00fcrk milletinin ferasetini unuttunuz. Bunun siyasi faturas\u0131 sizin i\u00e7in \u00e7ok a\u011f\u0131r olacakt\u0131r.&#8221;<\/p>\n<p><b>&#8216;KANUNSUZ BUYRUKLARI KABUL ETMEY\u0130N&#8217;<\/b><\/p>\n<p>Dervi\u015fo\u011flu, kamu g\u00f6revlilerine &#8220;Kanunsuz buyruklar\u0131 kabul etmeyin, sonuna kadar ard\u0131n\u0131zda olaca\u011f\u0131m,&#8221; davetinde bulundu.<\/p>\n<p>&#8220;Mesle\u011finizin namusuna sahip \u00e7\u0131k\u0131p sizi yeti\u015ftiren bu b\u00fcy\u00fck millete ve Cumhuriyete olan borcunuzu \u00f6deyin&#8221; diyen Ak\u015fener, &#8220;Kanunsuz buyruklar\u0131 uygulayanlar bilsinler ki bir g\u00fcn bunun hesab\u0131n\u0131 bu b\u00fcy\u00fck millete vereceklerdir&#8221; dedi.<\/p>\n","protected":false},"excerpt":{"rendered":"<p>\u0130Y\u0130 Parti ba\u015fkan\u0131 M\u00fcsavat Dervi\u015fo\u011flu, k\u00fcme toplant\u0131s\u0131nda yapt\u0131\u011f\u0131 a\u00e7\u0131klamalar\u0131nda siyasi soru\u015fturmalara reaksiyon g\u00f6stererek; &#8220;E\u011fer bu devrana &#8216;dur&#8217; demezsek, yar\u0131nlarda hepimizi ihanet senaryolar\u0131na kurban edecektir. Bu y\u00fczden sorun \u015fah\u0131slar problemi de\u011fil, T\u00fcrk milletinin \u015fahsiyeti meselesidir&#8221; dedi. G\u00fcndeme dair de\u011ferlendirmeler yapan Dervi\u015fo\u011flu, &#8220;bu saltanat\u0131 y\u0131kaca\u011f\u0131z&#8221; \u00e7\u0131k\u0131\u015f\u0131yla dikkat \u00e7ekti.<\/p>\n","protected":false},"author":1,"featured_media":22763,"comment_status":"open","ping_status":"open","sticky":false,"template":"","format":"standard","meta":{"footnotes":""},"categories":[25],"tags":[],"class_list":["post-22762","post","type-post","status-publish","format-standard","has-post-thumbnail","hentry","category-gundem"],"_links":{"self":[{"href":"https:\/\/ikimisli.tr\/index.php\/wp-json\/wp\/v2\/posts\/22762","targetHints":{"allow":["GET"]}}],"collection":[{"href":"https:\/\/ikimisli.tr\/index.php\/wp-json\/wp\/v2\/posts"}],"about":[{"href":"https:\/\/ikimisli.tr\/index.php\/wp-json\/wp\/v2\/types\/post"}],"author":[{"embeddable":true,"href":"https:\/\/ikimisli.tr\/index.php\/wp-json\/wp\/v2\/users\/1"}],"replies":[{"embeddable":true,"href":"https:\/\/ikimisli.tr\/index.php\/wp-json\/wp\/v2\/comments?post=22762"}],"version-history":[{"count":1,"href":"https:\/\/ikimisli.tr\/index.php\/wp-json\/wp\/v2\/posts\/22762\/revisions"}],"predecessor-version":[{"id":22764,"href":"https:\/\/ikimisli.tr\/index.php\/wp-json\/wp\/v2\/posts\/22762\/revisions\/22764"}],"wp:featuredmedia":[{"embeddable":true,"href":"https:\/\/ikimisli.tr\/index.php\/wp-json\/wp\/v2\/media\/22763"}],"wp:attachment":[{"href":"https:\/\/ikimisli.tr\/index.php\/wp-json\/wp\/v2\/media?parent=22762"}],"wp:term":[{"taxonomy":"category","embeddable":true,"href":"https:\/\/ikimisli.tr\/index.php\/wp-json\/wp\/v2\/categories?post=22762"},{"taxonomy":"post_tag","embeddable":true,"href":"https:\/\/ikimisli.tr\/index.php\/wp-json\/wp\/v2\/tags?post=22762"}],"curies":[{"name":"wp","href":"https:\/\/api.w.org\/{rel}","templated":true}]}}