{"id":22862,"date":"2025-04-05T04:48:07","date_gmt":"2025-04-05T04:48:07","guid":{"rendered":"https:\/\/ikimisli.tr\/?p=22862"},"modified":"2025-04-05T04:48:07","modified_gmt":"2025-04-05T04:48:07","slug":"termik-santralin-yeralti-maden-arama-ruhsati-iptal-edildi","status":"publish","type":"post","link":"https:\/\/ikimisli.tr\/index.php\/2025\/04\/05\/termik-santralin-yeralti-maden-arama-ruhsati-iptal-edildi\/","title":{"rendered":"Termik santralin yeralt\u0131 maden arama ruhsat\u0131 iptal edildi"},"content":{"rendered":"<p>Mu\u011fla\u2019n\u0131n Yata\u011fan il\u00e7esinde bulunan Yata\u011fan Termik Santrali\u2019nin yeralt\u0131 maden arama ruhsat\u0131n\u0131n iptali taraf\u0131nda al\u0131nan mahkeme karar\u0131, il\u00e7ede ve etraf \u00f6rg\u00fctlerinde sevin\u00e7le kar\u015f\u0131land\u0131.<\/p>\n<p><img decoding=\"async\" src=\"https:\/\/ikimisli.tr\/wp-content\/uploads\/2025\/04\/termik-santralin-yeralti-maden-arama-ruhsati-iptal-edildi-0-YNdTcuAN.jpg\"\/><\/p>\n<p><b>MAHKEME \u0130PTAL ETT\u0130<\/b><\/p>\n<p>\u0130zmir B\u00f6lge Mahkemesi CHP\u2019li Mu\u011fla B\u00fcy\u00fck\u015fehir Belediyesi\u2019nin a\u00e7t\u0131\u011f\u0131 yeralt\u0131 maden arama ruhsat\u0131 iptali davas\u0131nda evvelki yarg\u0131 kararlar\u0131yla \u201c\u00c7ED gerekli de\u011fildir\u201d istikametindeki karar ve m\u00fcsaadelerin iptal edilmi\u015f olmas\u0131n\u0131 dikkate alarak, ruhsat\u0131n ge\u00e7erlili\u011fi i\u00e7in gerekli \u015fartlar\u0131n sa\u011flanmad\u0131\u011f\u0131na h\u00fckmetti. Bu do\u011frultuda, termik santralin yeralt\u0131 maden arama ruhsat\u0131 iptal edildi.<\/p>\n<p><b>\u00d6NEML\u0130 B\u0130R KARAR ALINDI<\/b><\/p>\n<p>Mu\u011fla B\u00fcy\u00fck\u015fehir Belediye Ba\u015fkan\u0131 CHP\u2019li Ahmet Aras, yapt\u0131\u011f\u0131 a\u00e7\u0131klamada, \u201cYata\u011fan\u2019daki yeralt\u0131 su kaynaklar\u0131 i\u00e7in verdi\u011fimiz hukuksal gayret, \u00e7evreyi ve halk s\u0131hhatini m\u00fcdafaa istikametindeki hassasiyetimizin bir yans\u0131mas\u0131d\u0131r. B\u00fcy\u00fck\u015fehir Belediyesi olarak bug\u00fcne kadar a\u00e7t\u0131\u011f\u0131m\u0131z 227 dava bunun g\u00f6stergesidir. \u00a0\u0130limiz genelinde y\u00fczde 65 maden arama ruhsat\u0131 var. Bu m\u00fcsaadeler bizim gelece\u011fimizi, suyumuzu ve topra\u011f\u0131m\u0131z\u0131 tehdit ediyor. Bu kazand\u0131\u011f\u0131m\u0131z dava Yata\u011fan ve b\u00f6lgesinin yeralt\u0131 kaynaklar\u0131n\u0131 m\u00fcdafaada de\u011ferli bir ad\u0131m oldu. Mu\u011fla\u2019m\u0131z\u0131n tabiat\u0131n\u0131, havas\u0131n\u0131 ve suyunu m\u00fcdafaaya devam edece\u011fiz.\u201d dedi.<\/p>\n<p><img decoding=\"async\" src=\"https:\/\/ikimisli.tr\/wp-content\/uploads\/2025\/04\/termik-santralin-yeralti-maden-arama-ruhsati-iptal-edildi-1-4cwGs7rz.jpg\"\/><\/p>\n<p>Yata\u011fan k\u00f6yl\u00fcleri ve STK&#8217;lar termik santral maden ocaklar\u0131n\u0131n zeytinlik, tar\u0131m topraklar\u0131 ve yeralt\u0131 su kaynaklar\u0131na ziyan vermesi nedeniyle tekraren aksiyon yapm\u0131\u015flard\u0131.<\/p>\n","protected":false},"excerpt":{"rendered":"<p>Yata\u011fan termik santralinin yeralt\u0131 maden arama ruhsat\u0131 B\u00fcy\u00fck\u015fehir Belediyesi\u2019nin a\u00e7t\u0131\u011f\u0131 dava sonucunda iptal edildi. Belediye Ba\u015fkan\u0131 Ahmet Aras \u201cB\u00f6lgedeki yeralt\u0131 su kaynaklar\u0131n\u0131n korunmas\u0131 i\u00e7in k\u0131ymetli bir karar al\u0131nd\u0131, madenler Mu\u011fla\u2019n\u0131n gelece\u011fini ve \u00f6mr\u00fcn\u00fc tehdit ediyor\u201d dedi.<\/p>\n","protected":false},"author":1,"featured_media":22863,"comment_status":"open","ping_status":"open","sticky":false,"template":"","format":"standard","meta":{"footnotes":""},"categories":[25],"tags":[1544,1129,2245,4178,4177],"class_list":["post-22862","post","type-post","status-publish","format-standard","has-post-thumbnail","hentry","category-gundem","tag-iptal","tag-maden","tag-ruhsati","tag-yatagan","tag-yeralti"],"_links":{"self":[{"href":"https:\/\/ikimisli.tr\/index.php\/wp-json\/wp\/v2\/posts\/22862","targetHints":{"allow":["GET"]}}],"collection":[{"href":"https:\/\/ikimisli.tr\/index.php\/wp-json\/wp\/v2\/posts"}],"about":[{"href":"https:\/\/ikimisli.tr\/index.php\/wp-json\/wp\/v2\/types\/post"}],"author":[{"embeddable":true,"href":"https:\/\/ikimisli.tr\/index.php\/wp-json\/wp\/v2\/users\/1"}],"replies":[{"embeddable":true,"href":"https:\/\/ikimisli.tr\/index.php\/wp-json\/wp\/v2\/comments?post=22862"}],"version-history":[{"count":1,"href":"https:\/\/ikimisli.tr\/index.php\/wp-json\/wp\/v2\/posts\/22862\/revisions"}],"predecessor-version":[{"id":22866,"href":"https:\/\/ikimisli.tr\/index.php\/wp-json\/wp\/v2\/posts\/22862\/revisions\/22866"}],"wp:featuredmedia":[{"embeddable":true,"href":"https:\/\/ikimisli.tr\/index.php\/wp-json\/wp\/v2\/media\/22863"}],"wp:attachment":[{"href":"https:\/\/ikimisli.tr\/index.php\/wp-json\/wp\/v2\/media?parent=22862"}],"wp:term":[{"taxonomy":"category","embeddable":true,"href":"https:\/\/ikimisli.tr\/index.php\/wp-json\/wp\/v2\/categories?post=22862"},{"taxonomy":"post_tag","embeddable":true,"href":"https:\/\/ikimisli.tr\/index.php\/wp-json\/wp\/v2\/tags?post=22862"}],"curies":[{"name":"wp","href":"https:\/\/api.w.org\/{rel}","templated":true}]}}