{"id":22867,"date":"2025-04-05T05:00:29","date_gmt":"2025-04-05T05:00:29","guid":{"rendered":"https:\/\/ikimisli.tr\/?p=22867"},"modified":"2025-04-05T05:00:29","modified_gmt":"2025-04-05T05:00:29","slug":"kraliyet-ailesinin-en-yeni-uyesi-dunyaya-gozlerini-acti","status":"publish","type":"post","link":"https:\/\/ikimisli.tr\/index.php\/2025\/04\/05\/kraliyet-ailesinin-en-yeni-uyesi-dunyaya-gozlerini-acti\/","title":{"rendered":"Kraliyet ailesinin en yeni \u00fcyesi d\u00fcnyaya g\u00f6zlerini a\u00e7t\u0131"},"content":{"rendered":"<p>D\u00fc\u011f\u00fcnleri pandemi k\u0131s\u0131tlamalar\u0131na denk gelse de s\u00fcratle b\u00fcy\u00fck bir aile kuran \u0130ngiliz Kraliyet ailesinden Prenses Beatrice ve Edoardo Mapelli Mozzi, bir bebek beklediklerini duyurmu\u015flard\u0131.\u00a0<\/p>\n<p>Bu memnun haber, kraliyet ailesi i\u00e7in Kral Charles, Prenses Kate Middleton ve Beatrice&#8217;in annesi York D\u00fc\u015fesi Sarah Ferguson&#8217;a kanser te\u015fhisi kondu\u011fu en \u015fiddetli vakitlerde gelmi\u015fti.<\/p>\n<p><img decoding=\"async\" src=\"https:\/\/ikimisli.tr\/wp-content\/uploads\/2025\/04\/kraliyet-ailesinin-en-yeni-uyesi-dunyaya-gozlerini-acti-0-vq3ilGM4.jpg\"\/><\/p>\n<p>\u0130\u015fte o s\u0131k\u0131nt\u0131 g\u00fcnlerin ho\u015f haberi d\u00fcnyaya geldi. \u0130ngiliz Kraliyet Ailesi ger\u00e7ekle\u015fen do\u011fumun akabinde resmi toplumsal medya hesaplar\u0131ndan &#8216;majesteleri ve k\u0131z\u0131 sa\u011fl\u0131kl\u0131 ve yeterli durumdalar&#8217; tabirleri kullan\u0131ld\u0131.\u00a0<\/p>\n<p><img decoding=\"async\" src=\"https:\/\/ikimisli.tr\/wp-content\/uploads\/2025\/04\/kraliyet-ailesinin-en-yeni-uyesi-dunyaya-gozlerini-acti-1-evTGNfDG.png\"\/><\/p>\n<p>Prenses Beatrice ve Edoardo Mapelli Mozzi&#8217;nin ikinci \u00e7ocu\u011fu olan k\u0131z bebe\u011fe Athena Elizabeth Rose Mapelli Mozzi ismi verildi. 22 Ocak \u00c7ar\u015famba g\u00fcn\u00fc saat 12:57&#8217;de d\u00fcnyaya geldi\u011fi belirtilen Elizabeth Rose 2 kg tart\u0131s\u0131nda do\u011fdu.\u00a0<\/p>\n<p>Beatrice ve Edo, Krali\u00e7e II. Elizabeth&#8217;e g\u00f6nderme yaparak, ona Athena <span><strong>Elizabeth <\/strong><\/span>Rose ismini verdiklerini a\u00e7\u0131klad\u0131.<\/p>\n<p><img decoding=\"async\" src=\"https:\/\/ikimisli.tr\/wp-content\/uploads\/2025\/04\/kraliyet-ailesinin-en-yeni-uyesi-dunyaya-gozlerini-acti-2-1jxE9AR9.png\"\/><\/p>\n<p>Bebeklerinin sa\u011fl\u0131kl\u0131 bir halde d\u00fcnyaya gelmesinden \u00f6t\u00fcr\u00fc \u00e7ok memnun olan \u00e7ift hastanedeki t\u00fcm i\u015f\u00e7iye de verdikleri hizmetler i\u00e7in te\u015fekk\u00fcr etti.<\/p>\n<p>\u00c7ift, ebeveynleri Prens Andrew ve York D\u00fc\u015fesi Sarah ile Kont Alessandro Mapelli Mozzi ve eski e\u015fi Nikki Williams-Ellis&#8217;in arkada\u015fl\u0131\u011f\u0131 sayesinde y\u0131llard\u0131r birbirlerini tan\u0131yorlar. 2020 y\u0131l\u0131nda evlenen \u00e7iftin Sienna isminde bir k\u0131z\u0131 da var&#8230;<\/p>\n<p><img decoding=\"async\" src=\"https:\/\/ikimisli.tr\/wp-content\/uploads\/2025\/04\/kraliyet-ailesinin-en-yeni-uyesi-dunyaya-gozlerini-acti-3-cN7EJw6w.jpg\"\/><\/p>\n<p><b>PRENSES BEATRICE K\u0130MD\u0130R?<\/b><\/p>\n<p>8 A\u011fustos 1988 y\u0131l\u0131nda do\u011fan \u0130ngiliz Kraliyet Ailesi \u00fcyesi Beatrice, tahta \u00e7\u0131kma s\u0131ras\u0131nda dokuzuncu s\u0131rada yer al\u0131yor. York D\u00fc\u015fesi Sarah Margaret Ferguson ile York D\u00fck\u00fc Prens Andrew&#8217;un b\u00fcy\u00fck k\u0131z\u0131 olan Beatrice, Krali\u00e7e Elizabeth&#8217;in torunlar\u0131ndan biri.<\/p>\n<p>\u00a0<\/p>\n","protected":false},"excerpt":{"rendered":"<p>\u0130ngiltere Kraliyet ailesinin 9. s\u0131radaki varisi Prenses Beatrice, Westminster Hastanesi&#8217;nde ikinci bebe\u011fini d\u00fcnyaya getirdi. Buckingham Saray\u0131&#8217;n\u0131n toplumsal medya hesab\u0131nda yap\u0131lan payla\u015f\u0131mda 2 kg tart\u0131s\u0131ndaki bebe\u011fin isminin Athena Elizabeth Rose Mapelli Mozzi oldu\u011fu da a\u00e7\u0131kland\u0131.<\/p>\n","protected":false},"author":1,"featured_media":22868,"comment_status":"open","ping_status":"open","sticky":false,"template":"","format":"standard","meta":{"footnotes":""},"categories":[43],"tags":[87,4180,1033,4179],"class_list":["post-22867","post","type-post","status-publish","format-standard","has-post-thumbnail","hentry","category-dunya","tag-aile","tag-elizabeth","tag-kral","tag-prens"],"_links":{"self":[{"href":"https:\/\/ikimisli.tr\/index.php\/wp-json\/wp\/v2\/posts\/22867","targetHints":{"allow":["GET"]}}],"collection":[{"href":"https:\/\/ikimisli.tr\/index.php\/wp-json\/wp\/v2\/posts"}],"about":[{"href":"https:\/\/ikimisli.tr\/index.php\/wp-json\/wp\/v2\/types\/post"}],"author":[{"embeddable":true,"href":"https:\/\/ikimisli.tr\/index.php\/wp-json\/wp\/v2\/users\/1"}],"replies":[{"embeddable":true,"href":"https:\/\/ikimisli.tr\/index.php\/wp-json\/wp\/v2\/comments?post=22867"}],"version-history":[{"count":1,"href":"https:\/\/ikimisli.tr\/index.php\/wp-json\/wp\/v2\/posts\/22867\/revisions"}],"predecessor-version":[{"id":22873,"href":"https:\/\/ikimisli.tr\/index.php\/wp-json\/wp\/v2\/posts\/22867\/revisions\/22873"}],"wp:featuredmedia":[{"embeddable":true,"href":"https:\/\/ikimisli.tr\/index.php\/wp-json\/wp\/v2\/media\/22868"}],"wp:attachment":[{"href":"https:\/\/ikimisli.tr\/index.php\/wp-json\/wp\/v2\/media?parent=22867"}],"wp:term":[{"taxonomy":"category","embeddable":true,"href":"https:\/\/ikimisli.tr\/index.php\/wp-json\/wp\/v2\/categories?post=22867"},{"taxonomy":"post_tag","embeddable":true,"href":"https:\/\/ikimisli.tr\/index.php\/wp-json\/wp\/v2\/tags?post=22867"}],"curies":[{"name":"wp","href":"https:\/\/api.w.org\/{rel}","templated":true}]}}