{"id":22921,"date":"2025-04-05T08:12:07","date_gmt":"2025-04-05T08:12:07","guid":{"rendered":"https:\/\/ikimisli.tr\/?p=22921"},"modified":"2025-04-05T08:12:07","modified_gmt":"2025-04-05T08:12:07","slug":"thomas-reisten-genclere-tavsiye","status":"publish","type":"post","link":"https:\/\/ikimisli.tr\/index.php\/2025\/04\/05\/thomas-reisten-genclere-tavsiye\/","title":{"rendered":"Thomas Reis&#8217;ten gen\u00e7lere tavsiye"},"content":{"rendered":"<p>Trendyol S\u00fcper Lig gruplar\u0131ndan Reeder Samsunspor&#8217;un teknik y\u00f6neticisi Thomas Reis, Spor Kesimi Derne\u011fince Samsun B\u00fcy\u00fck\u015fehir Belediyesi \u00c7ok Hedefli Salon&#8217;da d\u00fczenlenen &#8220;Thomas Reis tecr\u00fcbelerini payla\u015f\u0131yor&#8221; program\u0131nda yapt\u0131\u011f\u0131 konu\u015fmada, oyuncuyken hi\u00e7bir vakit teknik y\u00f6neticili\u011fi istemedi\u011fini, zira anla\u015f\u0131lmak a\u00e7\u0131s\u0131ndan g\u00fc\u00e7 bir oyuncu oldu\u011funu s\u00f6yledi.<\/p>\n<p>Teknik y\u00f6neticilik mesle\u011fine 13 ya\u015f alt\u0131 ekibi \u00e7al\u0131\u015ft\u0131rarak ba\u015flad\u0131\u011f\u0131n\u0131 belirten Reis, &#8220;Problemlerle kar\u015f\u0131la\u015f\u0131ld\u0131\u011f\u0131nda ben odam\u0131n kapas\u0131n\u0131 kapat\u0131r ve sorunlarla kendim y\u00fczle\u015firdim. Kendime \u00e7ok k\u0131zard\u0131m. Muvaffakiyetin olmad\u0131\u011f\u0131 s\u00fcre\u00e7te kendinize k\u0131zman\u0131z \u00e7ok do\u011fal. Katiyetle her vakit ekibi kald\u0131rmas\u0131n\u0131 bilirdim. Gen\u00e7lerimizin ve hocalar\u0131m\u0131z\u0131n sorunlarla kar\u015f\u0131la\u015ft\u0131klar\u0131nda bunlarla ba\u015fa \u00e7\u0131kabileceklerini bilmeleri gerekiyor. Zira hayat \u00e7ok ho\u015f. Bunun da \u015fuuruna varmam\u0131z laz\u0131m&#8221; diye konu\u015ftu.<\/p>\n<p>Ge\u00e7en hafta ve ondan evvel T\u00fcrkiye&#8217;de \u00fcz\u00fcc\u00fc olaylar ya\u015fand\u0131\u011f\u0131n\u0131 hat\u0131rlatan Reis, &#8220;Buna benzeri d\u00fcnyada \u00e7ok berbat \u015feyler oluyor. Hayat\u0131m\u0131n d\u0131\u015f\u0131ndaki sorunlar\u0131, olaylar\u0131 d\u00fc\u015f\u00fcn\u00fcnce, hayat\u0131n bir\u00e7ok insan i\u00e7in ne kadar g\u00fc\u00e7 oldu\u011funu g\u00f6r\u00fcnce kendime k\u0131z\u0131p, &#8216;Ben aptal m\u0131y\u0131m, neden bu kadar k\u00fc\u00e7\u00fck sorunlar\u0131 sorun ediyorum?&#8217; diyerek problemlerime odaklanarak \u00e7\u00f6zmeye \u00e7al\u0131\u015ft\u0131m. Bence hocalar\u0131m\u0131z\u0131n ve gen\u00e7lerimizin hi\u00e7bir vakit \u00f6z inan\u00e7lar\u0131n\u0131 kaybetmeden zorlukla kar\u015f\u0131la\u015ft\u0131\u011f\u0131nda o sorunu \u00e7\u00f6zmek i\u00e7in neler yapabileceklerini d\u00fc\u015f\u00fcnmesi laz\u0131m&#8221; s\u00f6zlerini kulland\u0131.<\/p>\n<p><b>&#8220;T\u00fcrkiye&#8217;de daha \u00e7ok temas \u00e7o\u011funluklu oyun tercih ediliyor&#8221;<\/b><\/p>\n<p>Almanya ile T\u00fcrkiye ortas\u0131ndaki farkl\u0131l\u0131klar\u0131n kendisine s\u0131kl\u0131kla soruldu\u011funa dikkati \u00e7eken Reis, \u015f\u00f6yle devam etti:<\/p>\n<p>&#8220;Almanya&#8217;da \u00e7ok b\u00fcy\u00fck kul\u00fcpler var, ekonomik a\u00e7\u0131dan g\u00fc\u00e7l\u00fc ve \u00e2l\u00e2 ekipler. T\u00fcrkiye ile k\u0131yas yapmak s\u0131k\u0131nt\u0131 olacakt\u0131r. Almanya&#8217;daki 2. Lig ekiplerine bakt\u0131\u011f\u0131n\u0131zda onlar\u0131 destekleyen firmalar bunu mutlaka elde ettikleri sportif ba\u015far\u0131lardan \u00e7ok isimlerinden, esasl\u0131 kadrolar olmas\u0131ndan yap\u0131yor diyebilirim. Kalite k\u0131yaslamas\u0131 \u00e7ok s\u0131k\u0131nt\u0131 ancak Muhte\u015fem Lig&#8217;e bakt\u0131\u011f\u0131m\u0131zda Almanya 1. Ligi&#8217;nde oynayabilecek birka\u00e7 kadro var diyebilirim. Kendi kadrom i\u00e7in 1. Lig&#8217;de mi yoksa 2. Lig&#8217;de mi oynayabiliriz, bunu tam s\u00f6yleyemiyorum. \u0130ki \u00fclkedeki futbol fark\u0131nda ise bence T\u00fcrkiye&#8217;de daha \u00e7ok temas \u00e7o\u011funluklu oyun tercih ediliyor. Almanya&#8217;da ise s\u00fcrat ve teknik futbol tercih ediliyor.&#8221;<\/p>\n<p>Baz\u0131 futbolcular\u0131n T\u00fcrkiye yerine di\u011fer \u00fclkelerde futbol oynamay\u0131 tercih etmesine de\u011finen Reis, \u015funlar\u0131 kaydetti:<\/p>\n<p>&#8220;Umar\u0131m T\u00fcrk futboluna biz de katk\u0131 sa\u011flar, daha ho\u015f muvaffakiyetler elde eder, kaliteyi daha da \u00fcste ta\u015f\u0131maya vesile oluruz. Galatasaray, Fenerbah\u00e7e, Be\u015fikta\u015f b\u00fcy\u00fck ekipler lakin ne yaz\u0131k ki S\u00fcper Lig&#8217;de g\u00f6sterdikleri ba\u015far\u0131y\u0131 Avrupa&#8217;da g\u00f6steremiyorlar. Bilhassa Galatasaray ve Fenerbah\u00e7e \u00e7ok \u00e2l\u00e2 kadrolar. Tahminen Avrupa d\u00fczeyinde ekipler lakin istedikleri performans, kalite ve ba\u015far\u0131y\u0131 Avrupa&#8217;da g\u00f6steremiyorlar. Tercihlerini ya\u015fl\u0131 oyunculardan kulland\u0131klar\u0131 i\u00e7in tahminen bu muvaffakiyet gelmiyor olabilir lakin k\u0131yas yapmak hakikaten g\u00fc\u00e7.&#8221;<\/p>\n","protected":false},"excerpt":{"rendered":"<p>Samsunspor Teknik Y\u00f6neticisi Thomas Reis, &#8220;Bence hocalar\u0131m\u0131z\u0131n ve gen\u00e7lerimizin hi\u00e7bir vakit \u00f6z inan\u00e7lar\u0131n\u0131 kaybetmeden zorlukla kar\u015f\u0131la\u015ft\u0131\u011f\u0131nda o sorunu \u00e7\u00f6zmek i\u00e7in neler yapabileceklerini d\u00fc\u015f\u00fcnmesi laz\u0131m&#8221; dedi.<\/p>\n","protected":false},"author":1,"featured_media":22922,"comment_status":"open","ping_status":"open","sticky":false,"template":"","format":"standard","meta":{"footnotes":""},"categories":[30],"tags":[4183,484,4184,113,1130],"class_list":["post-22921","post","type-post","status-publish","format-standard","has-post-thumbnail","hentry","category-spor","tag-basa","tag-lig","tag-takimlar","tag-turkiye","tag-zor"],"_links":{"self":[{"href":"https:\/\/ikimisli.tr\/index.php\/wp-json\/wp\/v2\/posts\/22921","targetHints":{"allow":["GET"]}}],"collection":[{"href":"https:\/\/ikimisli.tr\/index.php\/wp-json\/wp\/v2\/posts"}],"about":[{"href":"https:\/\/ikimisli.tr\/index.php\/wp-json\/wp\/v2\/types\/post"}],"author":[{"embeddable":true,"href":"https:\/\/ikimisli.tr\/index.php\/wp-json\/wp\/v2\/users\/1"}],"replies":[{"embeddable":true,"href":"https:\/\/ikimisli.tr\/index.php\/wp-json\/wp\/v2\/comments?post=22921"}],"version-history":[{"count":1,"href":"https:\/\/ikimisli.tr\/index.php\/wp-json\/wp\/v2\/posts\/22921\/revisions"}],"predecessor-version":[{"id":22923,"href":"https:\/\/ikimisli.tr\/index.php\/wp-json\/wp\/v2\/posts\/22921\/revisions\/22923"}],"wp:featuredmedia":[{"embeddable":true,"href":"https:\/\/ikimisli.tr\/index.php\/wp-json\/wp\/v2\/media\/22922"}],"wp:attachment":[{"href":"https:\/\/ikimisli.tr\/index.php\/wp-json\/wp\/v2\/media?parent=22921"}],"wp:term":[{"taxonomy":"category","embeddable":true,"href":"https:\/\/ikimisli.tr\/index.php\/wp-json\/wp\/v2\/categories?post=22921"},{"taxonomy":"post_tag","embeddable":true,"href":"https:\/\/ikimisli.tr\/index.php\/wp-json\/wp\/v2\/tags?post=22921"}],"curies":[{"name":"wp","href":"https:\/\/api.w.org\/{rel}","templated":true}]}}