{"id":22965,"date":"2025-04-05T11:00:07","date_gmt":"2025-04-05T11:00:07","guid":{"rendered":"https:\/\/ikimisli.tr\/?p=22965"},"modified":"2025-04-05T11:00:07","modified_gmt":"2025-04-05T11:00:07","slug":"chpli-basarirdan-bahceliye-sert-yanit-sokaga-cikacak-yuzun-yok","status":"publish","type":"post","link":"https:\/\/ikimisli.tr\/index.php\/2025\/04\/05\/chpli-basarirdan-bahceliye-sert-yanit-sokaga-cikacak-yuzun-yok\/","title":{"rendered":"CHP&#8217;li Ba\u015far\u0131r&#8217;dan Bah\u00e7eli&#8217;ye sert yan\u0131t: Soka\u011fa \u00e7\u0131kacak y\u00fcz\u00fcn yok"},"content":{"rendered":"<p>CHP K\u00fcme Ba\u015fkanvekili Ali Becerikli Ba\u015far\u0131r, MHP Genel Ba\u015fkan\u0131 Devlet Bah\u00e7eli&#8217;ye yan\u0131t verdi.<\/p>\n<p>CHP K\u00fcme Ba\u015fkanvekili Ali Yetenekli Ba\u015far\u0131r, gazeteci Bar\u0131\u015f Pehlivan, Halk TV Genel Yay\u0131n Y\u00f6netmeni Suat Tokta\u015f ve Programlar M\u00fcd\u00fcr\u00fc K\u00fcr\u015fad O\u011fuz&#8217;un tutuklama istemiyle sulh ceza hakimli\u011fine sevk edilmesine reaksiyon g\u00f6sterdi. <\/p>\n<p>Ba\u015far\u0131r, \u00c7a\u011flayan Adliyesi \u00f6n\u00fcnde yapt\u0131\u011f\u0131 a\u00e7\u0131klamada \u015funlar\u0131 s\u00f6yledi:<\/p>\n<p>&#8220;Bug\u00fcn \u00fc\u00e7 gazeteci tutuklanmak isteniyor. Kabahati olmayan, mesle\u011fini yapan bu gazeteciler tutuklama talebiyle mahkemeye sevk edildi. Kalemini kiraya vermeyen be\u015ferler bunlar. Siyaset\u00e7iler, belediye liderleri, genel liderleri gazeteciler&#8230; T\u00fcrkiye&#8217;yi bu hale getirdiler. Herhalde korkaca\u011f\u0131m\u0131z\u0131, sinece\u011fimizi san\u0131yorlar. Biz korkmayaca\u011f\u0131z. Devlet Bah\u00e7eli, &#8216;soka\u011fa \u00e7\u0131ks\u0131nlar da g\u00f6reyim&#8217; dedi. G\u00f6remezsin ki, zira soka\u011fa \u00e7\u0131kacak y\u00fcz\u00fcn yok. Biz sokaklarda, meydanlarda olaca\u011f\u0131z. Biz sizden korkmayaca\u011f\u0131z. Bizi bitiremezsiniz zira bizim ard\u0131m\u0131zda halk var. Biz \u015fu binaya g\u00fcvenmiyoruz (\u00c7a\u011flayan Adliyesi binas\u0131n\u0131 g\u00f6stererek). 86 milyonun bu binaya, adalete g\u00fcvenmesi gerekiyor fakat yaln\u0131zca tek adam g\u00fcveniyor. Tek adam, ard\u0131na bu binay\u0131 alarak siyaseti dizayn etmek istiyor. Pi\u015fman olacak ve yenilecek. Cuma g\u00fcn\u00fc de Ekrem \u0130mamo\u011flu buraya s\u00f6z vermeye gelecek. Ben 86 milyona sesleniyorum, bu \u00fclkeyi yarg\u0131 k\u0131skac\u0131na bu iktidara teslim etmeyelim. Se\u00e7ime gidelim ve \u00fclkemizi bu zalimlerden kurtaral\u0131m.&#8221;<\/p>\n","protected":false},"excerpt":{"rendered":"<p>CHP&#8217;li Ali Mahir Ba\u015far\u0131r, MHP lideri Bah\u00e7eli&#8217;nin, &#8220;Y\u00fcre\u011finiz yetiyorsa \u00e7\u0131k\u0131n soka\u011fa da g\u00f6relim!&#8221; s\u00f6zlerine &#8220;Senin soka\u011fa \u00e7\u0131kacak y\u00fcz\u00fcn yok. Biz sokaklarda, meydanlarda olaca\u011f\u0131z. Biz sizden korkmayaca\u011f\u0131z. Bizi bitiremezsiniz zira bizim ard\u0131m\u0131zda halk var&#8221; diyerek reaksiyon g\u00f6sterdi.<\/p>\n","protected":false},"author":1,"featured_media":22966,"comment_status":"open","ping_status":"open","sticky":false,"template":"","format":"standard","meta":{"footnotes":""},"categories":[25],"tags":[],"class_list":["post-22965","post","type-post","status-publish","format-standard","has-post-thumbnail","hentry","category-gundem"],"_links":{"self":[{"href":"https:\/\/ikimisli.tr\/index.php\/wp-json\/wp\/v2\/posts\/22965","targetHints":{"allow":["GET"]}}],"collection":[{"href":"https:\/\/ikimisli.tr\/index.php\/wp-json\/wp\/v2\/posts"}],"about":[{"href":"https:\/\/ikimisli.tr\/index.php\/wp-json\/wp\/v2\/types\/post"}],"author":[{"embeddable":true,"href":"https:\/\/ikimisli.tr\/index.php\/wp-json\/wp\/v2\/users\/1"}],"replies":[{"embeddable":true,"href":"https:\/\/ikimisli.tr\/index.php\/wp-json\/wp\/v2\/comments?post=22965"}],"version-history":[{"count":1,"href":"https:\/\/ikimisli.tr\/index.php\/wp-json\/wp\/v2\/posts\/22965\/revisions"}],"predecessor-version":[{"id":22967,"href":"https:\/\/ikimisli.tr\/index.php\/wp-json\/wp\/v2\/posts\/22965\/revisions\/22967"}],"wp:featuredmedia":[{"embeddable":true,"href":"https:\/\/ikimisli.tr\/index.php\/wp-json\/wp\/v2\/media\/22966"}],"wp:attachment":[{"href":"https:\/\/ikimisli.tr\/index.php\/wp-json\/wp\/v2\/media?parent=22965"}],"wp:term":[{"taxonomy":"category","embeddable":true,"href":"https:\/\/ikimisli.tr\/index.php\/wp-json\/wp\/v2\/categories?post=22965"},{"taxonomy":"post_tag","embeddable":true,"href":"https:\/\/ikimisli.tr\/index.php\/wp-json\/wp\/v2\/tags?post=22965"}],"curies":[{"name":"wp","href":"https:\/\/api.w.org\/{rel}","templated":true}]}}